{"id":119943,"date":"2019-11-20T22:39:47","date_gmt":"2019-11-20T21:39:47","guid":{"rendered":"https:\/\/theworldwidejournal.com\/2019\/11\/20\/leguina-y-redondo-impulsan-un-manifiesto-contra-la-coalicion-psoe-podemos\/"},"modified":"2019-11-20T22:39:47","modified_gmt":"2019-11-20T21:39:47","slug":"leguina-y-redondo-impulsan-un-manifiesto-contra-la-coalicion-psoe-podemos","status":"publish","type":"post","link":"https:\/\/theworldwidejournal.com\/?p=119943","title":{"rendered":"Leguina y Redondo impulsan un manifiesto contra la coalici\u00f3n PSOE-Podemos"},"content":{"rendered":"<p>La plataforma constitucionalista \u00abLa Espa\u00f1a que re\u00fane\u00bb conformada en octubre en torno a nombres como el de Nicol\u00e1s Redondo, Joaqu\u00edn Leguina, Jos\u00e9 Mar\u00eda M\u00fagica o Manuel Valls, ha impulsado un manifiesto que se har\u00e1 p\u00fablico en los pr\u00f3ximos d\u00edas en el que expresan su profunda preocupaci\u00f3n ante la posibilidad de un gobierno PSOE-Podemos que dependa de los extremistas de ERC o de Bildu y piden una colaboraci\u00f3n \u00abconstitucionalista y transversal\u00bb para hacer frente a los dif\u00edciles retos que tiene por delante el pa\u00eds. \u00abNo tratamos de frenar el pacto sino de denunciar que no es conveniente para Espa\u00f1a\u00bb, precisa a este diario Redondo, encargado de dar la \u00faltima redacci\u00f3n a un texto que en estos momentos todav\u00eda no es definitivo, pero que ya tiene el respaldo de muchas personalidades, a la que quien fuera secretario general de los socialistas vascos ubica m\u00e1s all\u00e1 de partidos y de aspiraciones pol\u00edticas. \u00abEsto es algo de la sociedad civil. Somos un grupo de gente neutral, moderado, razonable, amable, no impulsado por el PSOE o Ciudadanos, aunque tambi\u00e9n hay quien viene de ah\u00ed o sigue ah\u00ed, o de otras fuerzas\u00bb, subraya Nicol\u00e1s Redondo ante la tentaci\u00f3n de que esta iniciativa quiera circunscribirse a un \u00e1mbito m\u00e1s estrecho que el real. Entre otros, respaldando este manifiesto est\u00e1n Franc\u00e9s de Carreras, tambi\u00e9n ex l\u00edder del socialismo del Pa\u00eds Vasco; de la abogada del Estado Elisa de la Nuez, que concurri\u00f3 a las elecciones europeas en las listas de Cs, al que es cercano Fernando Savater, tambi\u00e9n firmante de un pronunciamiento que se alza contra el desaf\u00edo nacionalista. Asimismo, suscriben nombres de la \u00f3rbita de las artes o el pensamiento, como el fil\u00f3sofo Gabriel Albiac. Seg\u00fan algunas fuentes, el n\u00famero de firmas sobrepasar\u00eda ya el centenar de firmas. Este diario tuvo acceso ayer al borrador \u00edntegro de este texto, aunque se comprometi\u00f3 a no hacerlo p\u00fablico en espera de su versi\u00f3n final. \u00abPreocupaci\u00f3n\u00bb \u00abHay mucha preocupaci\u00f3n\u00bb, indicaba Redondo como resumen del sentir de las personas que est\u00e1n detr\u00e1s de esta iniciativa coral, \u00abque no queremos \u2013a\u00f1ad\u00eda\u2013 una Espa\u00f1a frentista, esa no es nuestra tradici\u00f3n, ni ning\u00fan gobierno dependiente de los independentistas&#8230; pertenecemos a un \u00e1mbito social que no quiere un enfrentamiento tan intenso como el que estamos viviendo\u00bb. La plataforma \u00abLa Espa\u00f1a que re\u00fane\u00bb, nacida como un club de pensamiento, ya anunci\u00f3 en su momento inaugural que \u00abiba a decir algo\u00bb tras las elecciones, recuerda el socialista vasco, y este manifiesto que est\u00e1 por conocerse ahora es el fruto de su reflexi\u00f3n. Asegura Redondo que no est\u00e1n actuando a contrarreloj. \u00abNo tenemos prisa porque no somos agentes pol\u00edticos\u00bb, zanja Redondo. Pero lo cierto es que es de dominio p\u00fablico que los negociadores del presidente en funciones, Pedro S\u00e1nchez, ya han tenido contactos con ERC para recabar su apoyo, al menos, con vistas a la investidura. Hoy adem\u00e1s hubo reuni\u00f3n con Bildu. Y entre estos interlocurores cunde la idea de promover un voto en bloque, lo que probablemente aumentar\u00eda su cotizaci\u00f3n y la factura a pagarles como eventuales socios. En su declaraci\u00f3n inaugural, \u00abLa Espa\u00f1a que re\u00fane\u00bb, en la que tambi\u00e9n est\u00e1n Albert Boadella o Mario Vargas Llosa\u00bb, proclamaba: \u00abLos populismos y los nacionalismos constituyen hoy la principal amenaza a nuestras libertades (&#8230;). Que no quede ninguna duda en relaci\u00f3n a la situaci\u00f3n de Catalu\u00f1a. No caben espacios de di\u00e1logo y acuerdo con el nacionalismo que combate abiertamente las leyes y la Constituci\u00f3n.<br \/>\nVia: <a href=\"https:\/\/www.abc.es\/espana\/abci-lequina-y-redondo-impulsan-manifiesto-contra-coalicion-psoe-podemos-201911202239_noticia.html\" target=\"_blank\">Leguina y Redondo impulsan un manifiesto contra la coalici\u00f3n PSOE-Podemos<\/a><\/p>\n","protected":false},"excerpt":{"rendered":"<p>La plataforma constitucionalista \u00abLa Espa\u00f1a que re\u00fane\u00bb conformada en octubre en torno a nombres como el de Nicol\u00e1s Redondo, Joaqu\u00edn Leguina, Jos\u00e9 Mar\u00eda M\u00fagica o Manuel Valls, ha impulsado un manifiesto que se har\u00e1 p\u00fablico en los pr\u00f3ximos d\u00edas en el que expresan su profunda preocupaci\u00f3n ante la posibilidad de [&hellip;]<\/p>\n","protected":false},"author":2,"featured_media":119944,"comment_status":"open","ping_status":"closed","sticky":false,"template":"","format":"standard","meta":{"footnotes":""},"categories":[6],"tags":[],"class_list":["post-119943","post","type-post","status-publish","format-standard","has-post-thumbnail","hentry","category-spanish"],"_links":{"self":[{"href":"https:\/\/theworldwidejournal.com\/index.php?rest_route=\/wp\/v2\/posts\/119943","targetHints":{"allow":["GET"]}}],"collection":[{"href":"https:\/\/theworldwidejournal.com\/index.php?rest_route=\/wp\/v2\/posts"}],"about":[{"href":"https:\/\/theworldwidejournal.com\/index.php?rest_route=\/wp\/v2\/types\/post"}],"author":[{"embeddable":true,"href":"https:\/\/theworldwidejournal.com\/index.php?rest_route=\/wp\/v2\/users\/2"}],"replies":[{"embeddable":true,"href":"https:\/\/theworldwidejournal.com\/index.php?rest_route=%2Fwp%2Fv2%2Fcomments&post=119943"}],"version-history":[{"count":0,"href":"https:\/\/theworldwidejournal.com\/index.php?rest_route=\/wp\/v2\/posts\/119943\/revisions"}],"wp:featuredmedia":[{"embeddable":true,"href":"https:\/\/theworldwidejournal.com\/index.php?rest_route=\/wp\/v2\/media\/119944"}],"wp:attachment":[{"href":"https:\/\/theworldwidejournal.com\/index.php?rest_route=%2Fwp%2Fv2%2Fmedia&parent=119943"}],"wp:term":[{"taxonomy":"category","embeddable":true,"href":"https:\/\/theworldwidejournal.com\/index.php?rest_route=%2Fwp%2Fv2%2Fcategories&post=119943"},{"taxonomy":"post_tag","embeddable":true,"href":"https:\/\/theworldwidejournal.com\/index.php?rest_route=%2Fwp%2Fv2%2Ftags&post=119943"}],"curies":[{"name":"wp","href":"https:\/\/api.w.org\/{rel}","templated":true}]}}