{"id":119945,"date":"2019-11-20T22:13:04","date_gmt":"2019-11-20T21:13:04","guid":{"rendered":"https:\/\/theworldwidejournal.com\/2019\/11\/20\/parricidio-en-carabanchel-detenido-un-bulgaro-tras-acuchillar-a-su-madre-en-el-cuello\/"},"modified":"2019-11-20T22:13:04","modified_gmt":"2019-11-20T21:13:04","slug":"parricidio-en-carabanchel-detenido-un-bulgaro-tras-acuchillar-a-su-madre-en-el-cuello","status":"publish","type":"post","link":"https:\/\/theworldwidejournal.com\/?p=119945","title":{"rendered":"Parricidio en Carabanchel: detenido un b\u00falgaro tras acuchillar a su madre en el cuello"},"content":{"rendered":"<p>Tragedia en el distrito de Carabanchel. Una mujer de origen b\u00falgaro, de 69 a\u00f1os, ha perdido vida este mi\u00e9rcoles a manos de su propio hijo, de 30, de la misma nacionalidad, en el domicilio familiar situado en el n\u00famero 18 de la calle de Rasc\u00f3n del barrio de San Isidro. Se desconoce el m\u00f3vil del parricidio y si hubo alguna discusi\u00f3n previa. Lo cierto es que el presunto autor se qued\u00f3 en el lugar de los hechos, junto al cad\u00e1ver de su madre, totalmente ensangrentado. Esta presentaba, al menos, una cuchillada profunda en el cuello. No obstante, se ignora si fue degollada, ya que los sanitarios no manipularon el cad\u00e1ver, solo certificaron el fallecimiento, precisaron fuentes de Emergencias 112 y de la Jefatura Superior de Polic\u00eda. El aviso se recibi\u00f3 a las 20 horas. Hasta el lugar se trasladaron varias dotaciones del Summa que no pudieron hacer nada por la v\u00edctima. Cuando llegaron los agentes, en el piso se encontraba tambi\u00e9n otra hija de la fallecida. Estaba en estado de \u00abshock\u00bb y tuvo que ser atendida por los psic\u00f3logos de guardia. Lloraba sin consuelo. No se sabe a\u00fan si se encontraba en la vivienda cuando ocurri\u00f3 el crimen y fue la que dio la voz de alarma o lleg\u00f3 despu\u00e9s y se encontr\u00f3 con la terrible escena. La Polic\u00eda Nacional se ha hecho cargo de la investigaci\u00f3n. Se desconoce por ahora el m\u00f3vil del parricidio y si hab\u00eda denuncias previas en este episodio de violencia familiar. &lt;iframe width=&#8221;510&#8243; height=&#8221;349&#8243; src=&#8221;https:\/\/www.youtube.com\/embed\/YsMB0LYjW-8&#8243; frameborder=&#8221;0&#8243; allow=&#8221;accelerometer; autoplay; encrypted-media; gyroscope; picture-in-picture&#8221; allowfullscreen&gt;&lt;\/iframe&gt; Esta es la segunda muerte violenta en menos de 48 horas, despu\u00e9s de que el pasado martes de madrugada un taxista fuera degollado en Alcal\u00e1 de Henares. El homicida se ensa\u00f1\u00f3 con Jos\u00e9 Luis Espada, de 59 a\u00f1os y le asest\u00f3, al menos, una docena de cuchilladas, la mayor\u00eda en el pecho. Los investigadores sospechan que el autor se ceb\u00f3 con \u00e9l porque apenas llevaba dinero encima. De hecho, solo hab\u00eda realizado una carrera porque comenz\u00f3 su turno a las 23.30 horas. La del asesino fue la \u00faltima. Este, tal vez, debi\u00f3 pensar que el conductor no le quer\u00eda entregar todo lo que ten\u00eda. No era el caso. Ahora rastrean las c\u00e1maras del recorrido mortal que hicieron en busca de im\u00e1genes del presunto autor.<br \/>\nVia: <a href=\"https:\/\/www.abc.es\/espana\/madrid\/abci-asesinan-mujer-69-anos-punalada-cuello-carabanchel-201911202213_noticia.html\" target=\"_blank\">Parricidio en Carabanchel: detenido un b\u00falgaro tras acuchillar a su madre en el cuello<\/a><\/p>\n","protected":false},"excerpt":{"rendered":"<p>Tragedia en el distrito de Carabanchel. Una mujer de origen b\u00falgaro, de 69 a\u00f1os, ha perdido vida este mi\u00e9rcoles a manos de su propio hijo, de 30, de la misma nacionalidad, en el domicilio familiar situado en el n\u00famero 18 de la calle de Rasc\u00f3n del barrio de San Isidro. [&hellip;]<\/p>\n","protected":false},"author":2,"featured_media":119946,"comment_status":"open","ping_status":"closed","sticky":false,"template":"","format":"standard","meta":{"footnotes":""},"categories":[6],"tags":[],"class_list":["post-119945","post","type-post","status-publish","format-standard","has-post-thumbnail","hentry","category-spanish"],"_links":{"self":[{"href":"https:\/\/theworldwidejournal.com\/index.php?rest_route=\/wp\/v2\/posts\/119945","targetHints":{"allow":["GET"]}}],"collection":[{"href":"https:\/\/theworldwidejournal.com\/index.php?rest_route=\/wp\/v2\/posts"}],"about":[{"href":"https:\/\/theworldwidejournal.com\/index.php?rest_route=\/wp\/v2\/types\/post"}],"author":[{"embeddable":true,"href":"https:\/\/theworldwidejournal.com\/index.php?rest_route=\/wp\/v2\/users\/2"}],"replies":[{"embeddable":true,"href":"https:\/\/theworldwidejournal.com\/index.php?rest_route=%2Fwp%2Fv2%2Fcomments&post=119945"}],"version-history":[{"count":0,"href":"https:\/\/theworldwidejournal.com\/index.php?rest_route=\/wp\/v2\/posts\/119945\/revisions"}],"wp:featuredmedia":[{"embeddable":true,"href":"https:\/\/theworldwidejournal.com\/index.php?rest_route=\/wp\/v2\/media\/119946"}],"wp:attachment":[{"href":"https:\/\/theworldwidejournal.com\/index.php?rest_route=%2Fwp%2Fv2%2Fmedia&parent=119945"}],"wp:term":[{"taxonomy":"category","embeddable":true,"href":"https:\/\/theworldwidejournal.com\/index.php?rest_route=%2Fwp%2Fv2%2Fcategories&post=119945"},{"taxonomy":"post_tag","embeddable":true,"href":"https:\/\/theworldwidejournal.com\/index.php?rest_route=%2Fwp%2Fv2%2Ftags&post=119945"}],"curies":[{"name":"wp","href":"https:\/\/api.w.org\/{rel}","templated":true}]}}