{"id":119951,"date":"2019-11-20T19:27:00","date_gmt":"2019-11-20T18:27:00","guid":{"rendered":"https:\/\/theworldwidejournal.com\/2019\/11\/20\/un-juez-imputa-a-12-periodistas-dos-de-abc-por-informar-sobre-el-sumario-de-los-cdr\/"},"modified":"2019-11-20T19:27:00","modified_gmt":"2019-11-20T18:27:00","slug":"un-juez-imputa-a-12-periodistas-dos-de-abc-por-informar-sobre-el-sumario-de-los-cdr","status":"publish","type":"post","link":"https:\/\/theworldwidejournal.com\/?p=119951","title":{"rendered":"Un juez imputa a 12 periodistas, dos de ABC, por informar sobre el sumario de los CDR"},"content":{"rendered":"<p>El titular del juzgado de Instrucci\u00f3n n\u00famero 41 de Madrid ha citado como investigados a una docena de periodistas, dos de ellos de ABC, Nati Villanueva y Luis P. Arechederra, por informar sobre el sumario de los CDR cuando la causa estaba secreta en la Audiencia Nacional. Pese a que el juez investiga un delito de revelaci\u00f3n de secretos por parte de funcionario p\u00fablico, los informadores est\u00e1n citados como imputados (y no como testigos) en los juzgados de Plaza de Castilla la pr\u00f3xima semana. El matiz que diferencia una y otra condici\u00f3n es que los primeros tienen que acudir con un abogado. Se considera delito de revelaci\u00f3n de secretos cuando la autoridad o funcionario revelara secretos o informaciones que tenga conocimiento por raz\u00f3n de su cargo, y que no deban ser divulgados. Se castiga con multa de 12 a 18 meses e inhabilitaci\u00f3n especial para empleo p\u00fablico de 1 a 3 a\u00f1os. Si esa revelaci\u00f3n causara un perjuicio grave a la causa p\u00fablica o a un tercero, se agravar\u00e1n las penas con prisi\u00f3n de 1 a 3 a\u00f1os y con inhabilitaci\u00f3n especial de empleo de 3 a 5 a\u00f1os. Pieza secreta Las diligencias abiertas por el instructor de Madrid son fruto de la investigaci\u00f3n que hab\u00edan solicitado las defensas de los detenidos en la \u00aboperaci\u00f3n Judas\u00bb. Los abogados entienden que la revelaci\u00f3n de datos a ra\u00edz de las detenciones, que tuvieron lugar el pasado 23 de septiembre, lesion\u00f3 los intereses de sus clientes y por ello solicitaron la apertura de una pieza separada en el marco del sumario en el que el juez investiga a miembros del Equipo de Respuesta T\u00e1ctica (ERT) de los CDR. Los siete arrestados est\u00e1n en prisi\u00f3n por preparar presuntamente acciones violentas como respuesta a la sentencia del \u00abproc\u00e9s\u00bb, que se notificar\u00eda el 14 de octubre. El juez Manuel Garc\u00eda Castell\u00f3n les imputa delitos de pertenencia en organizaci\u00f3n terrorista, conspiraci\u00f3n para estragos y tenencia de explosivos. La Fiscal\u00eda se opuso a que lo que las defensas tildaron de \u00abfiltraci\u00f3n masiva\u00bb se instruyera en la Audiencia Nacional, al entender que no era competente para ello, e inform\u00f3 a favor de que se abrieran diligencias, pero en los juzgados de Plaza de Castilla. El levantamiento del secreto de sumario revel\u00f3 la veracidad de las informaciones que durante aquellos d\u00edas public\u00f3 ABC, tales como que los CDRofrecieron cobertura log\u00edstica a la hermana del expresidente fugado Carles Puigdemont en un encuentro que se produjo con un coche en marcha; el hallazgo en manos de los detenidos de planos del cuartel dela Guardia Civil de Canovelles o el asalto al Parlament en el que, seg\u00fan uno de los arrestados, iban a contar con el apoyo del actual presidente de la Generalitat, Quim Torra. Esta informaci\u00f3n fue portada de este diario el pasado 28 de septiembre. En ella ABC revelaba que uno de los dos acusados que admitieron parte de los hechos imputados \u2013la compra de material explosivo y la realizaci\u00f3n de pruebas\u2013 explic\u00f3 ante el juez que el \u00abd\u00eda D\u00bb desde dentro del Parlament les iban a facilitar la entrada en la c\u00e1mara regional, e involucr\u00f3 en ello a Torra, el actual presidente de la Generalitat, quien el mismo d\u00eda del ingreso en prisi\u00f3n de los detenidos pidi\u00f3 a gritos su libertad.<br \/>\nVia: <a href=\"https:\/\/www.abc.es\/espana\/abci-juez-imputa-12-periodistas-abc-informar-sobre-sumario-201911201927_noticia.html\" target=\"_blank\">Un juez imputa a 12 periodistas, dos de ABC, por informar sobre el sumario de los CDR<\/a><\/p>\n","protected":false},"excerpt":{"rendered":"<p>El titular del juzgado de Instrucci\u00f3n n\u00famero 41 de Madrid ha citado como investigados a una docena de periodistas, dos de ellos de ABC, Nati Villanueva y Luis P. Arechederra, por informar sobre el sumario de los CDR cuando la causa estaba secreta en la Audiencia Nacional. Pese a que [&hellip;]<\/p>\n","protected":false},"author":2,"featured_media":119952,"comment_status":"open","ping_status":"closed","sticky":false,"template":"","format":"standard","meta":{"footnotes":""},"categories":[6],"tags":[],"class_list":["post-119951","post","type-post","status-publish","format-standard","has-post-thumbnail","hentry","category-spanish"],"_links":{"self":[{"href":"https:\/\/theworldwidejournal.com\/index.php?rest_route=\/wp\/v2\/posts\/119951","targetHints":{"allow":["GET"]}}],"collection":[{"href":"https:\/\/theworldwidejournal.com\/index.php?rest_route=\/wp\/v2\/posts"}],"about":[{"href":"https:\/\/theworldwidejournal.com\/index.php?rest_route=\/wp\/v2\/types\/post"}],"author":[{"embeddable":true,"href":"https:\/\/theworldwidejournal.com\/index.php?rest_route=\/wp\/v2\/users\/2"}],"replies":[{"embeddable":true,"href":"https:\/\/theworldwidejournal.com\/index.php?rest_route=%2Fwp%2Fv2%2Fcomments&post=119951"}],"version-history":[{"count":0,"href":"https:\/\/theworldwidejournal.com\/index.php?rest_route=\/wp\/v2\/posts\/119951\/revisions"}],"wp:featuredmedia":[{"embeddable":true,"href":"https:\/\/theworldwidejournal.com\/index.php?rest_route=\/wp\/v2\/media\/119952"}],"wp:attachment":[{"href":"https:\/\/theworldwidejournal.com\/index.php?rest_route=%2Fwp%2Fv2%2Fmedia&parent=119951"}],"wp:term":[{"taxonomy":"category","embeddable":true,"href":"https:\/\/theworldwidejournal.com\/index.php?rest_route=%2Fwp%2Fv2%2Fcategories&post=119951"},{"taxonomy":"post_tag","embeddable":true,"href":"https:\/\/theworldwidejournal.com\/index.php?rest_route=%2Fwp%2Fv2%2Ftags&post=119951"}],"curies":[{"name":"wp","href":"https:\/\/api.w.org\/{rel}","templated":true}]}}