{"id":120016,"date":"2019-11-21T14:37:47","date_gmt":"2019-11-21T13:37:47","guid":{"rendered":"https:\/\/theworldwidejournal.com\/2019\/11\/21\/iglesias-empuja-al-gobierno-a-aceptar-la-mesa-de-dialogo-que-exige-erc\/"},"modified":"2019-11-21T14:37:47","modified_gmt":"2019-11-21T13:37:47","slug":"iglesias-empuja-al-gobierno-a-aceptar-la-mesa-de-dialogo-que-exige-erc","status":"publish","type":"post","link":"https:\/\/theworldwidejournal.com\/?p=120016","title":{"rendered":"Iglesias empuja al Gobierno a aceptar la mesa de di\u00e1logo que exige ERC"},"content":{"rendered":"<p>Los dirigentes de Unidas Podemos llevan d\u00edas de silencio generalizado para no &#8220;interferir&#8221; en las negociaciones que el PSOE est\u00e1 manteniendo con el resto de grupos parlamentarios en la b\u00fasqueda de apoyos necesarios para la investidura. El secretario general de Podemos y uno de los futuros vicepresidentes del Gobierno de coalici\u00f3n, Pablo Iglesias, ha expresado este jueves que &#8220;queda mucho trabajo por hacer&#8221;. Aunque tambi\u00e9n se ha mostrado &#8220;optismista&#8221; respecto a c\u00f3mo est\u00e1n avanzando las conversaciones con el resto de partidos y favorable a aceptar la mesa de partidos que exige ERC. &#8220;El PSOE como nosotros vamos a trabajar de forma responsable para conseguir que se afronten los restos de Estado de este pa\u00eds y que haya un gobierno de izquierdas&#8221;, ha expresado Iglesias, antes de participar en un acto en la Universidad Complutense de Madrid. &#8220;Estamos haci\u00e9ndolo con discreci\u00f3n que es como toca hacerlo y lo estamos haciendo bien. Toca ser responsables&#8221;, ha continuado. Fuentes de Podemos explican que respetan que el PSOE asuma el liderazgo de las negociaciones y que desde el partido morado no se har\u00e1 ning\u00fan gesto que pueda trastocarlo. &#8220;No vamos a dar razones para que la coalici\u00f3n salga mal&#8221;, explicaron a ABC hace unos d\u00edas. Las sensaciones en Unidas Podemos son &#8220;buenas&#8221; a pesar de no tener ning\u00fan apoyo amarrado en estos momentos y estar a 21 esca\u00f1os de la mayor\u00eda absoluta en el Congreso. Los morados consideran que los partidos regionalistas y nacionalistas preferir\u00e1n antes un acuerdo PSOE-Podemos que otras elecciones donde pueda subir m\u00e1s el bloque de la derecha. ERC preguntar\u00e1 a sus bases sobre si debe facilitar la investidura de Pedro S\u00e1nchez si no se acepta la creaci\u00f3n de una mesa de partidos. Una consulta que en Podemos no consideran un paso atr\u00e1s, sino todo lo contrario porque se descarta la v\u00eda m\u00e1s pol\u00e9mica de exigir di\u00e1logo bilateral entre Gobierno central y Govern. &#8220;El di\u00e1logo es imprescindible y creo que vamos a tener un Gobierno que asuma el di\u00e1logo como fundamental en la acci\u00f3n pol\u00edtica y que afronte el problema de la plurinacionalidad en Espa\u00f1a y el di\u00e1logo en Catalu\u00f1a&#8221;, ha expresado el l\u00edder de Podemos, que desliza as\u00ed la idea de que la convocatoria de una mesa de partidos en Catalu\u00f1a no es inconcebible dentro del preacuerdo de PSOE y Podemos. &#8220;Hay una gran demanda de que haya un Gobierno de izquierdas y estamos trabajando para lograr esos apoyos. Creo que lo vamos a conseguir y soy optimista&#8221;, ha aseverado. La propuesta de Podemos a favor de la creaci\u00f3n de una mesa de partidos para solucionar la crisis soberanista no es nueva y la llevan recogida en sus programas electorales. Que Iglesias lance ese mensaje justo un d\u00eda despu\u00e9s de que ERC supedite su apoyo al di\u00e1logo entre las diferentes fuerzas es todo un gui\u00f1o y un mensaje al PSOE. Podemos y su visi\u00f3n plurinacional de Espa\u00f1a hacen contrapeso en la relaci\u00f3n entre PSOE e independentistas. Iglesias ha vuelto esta ma\u00f1ana a la Universidad Complutense con la garant\u00eda de que si sale adelante la coalici\u00f3n sera vicepresidente del Gobierno de Pedro S\u00e1nchez. Es el mismo espacio donde hace cinco a\u00f1os se cre\u00f3 Podemos con ese mismo objetivo. El l\u00edder de Podemos ha participado en una charla sobre &#8220;La lucha antifascista en la Uni\u00f3n de Estudiantes Progresistas \u2013 Estudiantes de Izquierda (UEP)&#8221;, una agrupaci\u00f3n de la que \u00e9l mismo fue miembro en su \u00e9poca universitaria. Al aula han acudido en torno a centenar de alumnos para escucharle.<br \/>\nVia: <a href=\"https:\/\/www.abc.es\/espana\/abci-iglesias-apuesta-porque-gobierno-acepte-mesa-dialogo-exige-201911211437_noticia.html\" target=\"_blank\">Iglesias empuja al Gobierno a aceptar la mesa de di\u00e1logo que exige ERC<\/a><\/p>\n","protected":false},"excerpt":{"rendered":"<p>Los dirigentes de Unidas Podemos llevan d\u00edas de silencio generalizado para no &#8220;interferir&#8221; en las negociaciones que el PSOE est\u00e1 manteniendo con el resto de grupos parlamentarios en la b\u00fasqueda de apoyos necesarios para la investidura. El secretario general de Podemos y uno de los futuros vicepresidentes del Gobierno de [&hellip;]<\/p>\n","protected":false},"author":2,"featured_media":120017,"comment_status":"open","ping_status":"closed","sticky":false,"template":"","format":"standard","meta":{"footnotes":""},"categories":[6],"tags":[],"class_list":["post-120016","post","type-post","status-publish","format-standard","has-post-thumbnail","hentry","category-spanish"],"_links":{"self":[{"href":"https:\/\/theworldwidejournal.com\/index.php?rest_route=\/wp\/v2\/posts\/120016","targetHints":{"allow":["GET"]}}],"collection":[{"href":"https:\/\/theworldwidejournal.com\/index.php?rest_route=\/wp\/v2\/posts"}],"about":[{"href":"https:\/\/theworldwidejournal.com\/index.php?rest_route=\/wp\/v2\/types\/post"}],"author":[{"embeddable":true,"href":"https:\/\/theworldwidejournal.com\/index.php?rest_route=\/wp\/v2\/users\/2"}],"replies":[{"embeddable":true,"href":"https:\/\/theworldwidejournal.com\/index.php?rest_route=%2Fwp%2Fv2%2Fcomments&post=120016"}],"version-history":[{"count":0,"href":"https:\/\/theworldwidejournal.com\/index.php?rest_route=\/wp\/v2\/posts\/120016\/revisions"}],"wp:featuredmedia":[{"embeddable":true,"href":"https:\/\/theworldwidejournal.com\/index.php?rest_route=\/wp\/v2\/media\/120017"}],"wp:attachment":[{"href":"https:\/\/theworldwidejournal.com\/index.php?rest_route=%2Fwp%2Fv2%2Fmedia&parent=120016"}],"wp:term":[{"taxonomy":"category","embeddable":true,"href":"https:\/\/theworldwidejournal.com\/index.php?rest_route=%2Fwp%2Fv2%2Fcategories&post=120016"},{"taxonomy":"post_tag","embeddable":true,"href":"https:\/\/theworldwidejournal.com\/index.php?rest_route=%2Fwp%2Fv2%2Ftags&post=120016"}],"curies":[{"name":"wp","href":"https:\/\/api.w.org\/{rel}","templated":true}]}}