{"id":120042,"date":"2019-11-21T22:56:48","date_gmt":"2019-11-21T21:56:48","guid":{"rendered":"https:\/\/theworldwidejournal.com\/2019\/11\/21\/deux-gilets-jaunes-belges-places-en-centre-de-retention-administrative-malgre-leur-relaxe\/"},"modified":"2019-11-21T22:56:48","modified_gmt":"2019-11-21T21:56:48","slug":"deux-gilets-jaunes-belges-places-en-centre-de-retention-administrative-malgre-leur-relaxe","status":"publish","type":"post","link":"https:\/\/theworldwidejournal.com\/?p=120042","title":{"rendered":"Deux \u00ab\u00a0gilets jaunes\u00a0\u00bb belges plac\u00e9s en centre de r\u00e9tention administrative malgr\u00e9 leur relaxe"},"content":{"rendered":"<p>Les deux manifestants arr\u00eat\u00e9s samedi 16\u00a0novembre font l\u2019objet de poursuites administratives, d\u00e9cid\u00e9es par le pr\u00e9fet de police de Paris.<br \/>\nVia: <a href=\"https:\/\/www.lemonde.fr\/societe\/article\/2019\/11\/21\/deux-gilets-jaunes-belges-places-en-centre-de-retention-administrative-malgre-leur-relaxe_6020058_3224.html\" target=\"_blank\">Deux \u00ab\u00a0gilets jaunes\u00a0\u00bb belges plac\u00e9s en centre de r\u00e9tention administrative malgr\u00e9 leur relaxe<\/a><\/p>\n","protected":false},"excerpt":{"rendered":"<p>Les deux manifestants arr\u00eat\u00e9s samedi 16\u00a0novembre font l\u2019objet de poursuites administratives, d\u00e9cid\u00e9es par le pr\u00e9fet de police de Paris. Via: Deux \u00ab\u00a0gilets jaunes\u00a0\u00bb belges plac\u00e9s en centre de r\u00e9tention administrative malgr\u00e9 leur relaxe<\/p>\n","protected":false},"author":2,"featured_media":0,"comment_status":"open","ping_status":"closed","sticky":false,"template":"","format":"standard","meta":{"footnotes":""},"categories":[4],"tags":[],"class_list":["post-120042","post","type-post","status-publish","format-standard","hentry","category-french"],"_links":{"self":[{"href":"https:\/\/theworldwidejournal.com\/index.php?rest_route=\/wp\/v2\/posts\/120042","targetHints":{"allow":["GET"]}}],"collection":[{"href":"https:\/\/theworldwidejournal.com\/index.php?rest_route=\/wp\/v2\/posts"}],"about":[{"href":"https:\/\/theworldwidejournal.com\/index.php?rest_route=\/wp\/v2\/types\/post"}],"author":[{"embeddable":true,"href":"https:\/\/theworldwidejournal.com\/index.php?rest_route=\/wp\/v2\/users\/2"}],"replies":[{"embeddable":true,"href":"https:\/\/theworldwidejournal.com\/index.php?rest_route=%2Fwp%2Fv2%2Fcomments&post=120042"}],"version-history":[{"count":0,"href":"https:\/\/theworldwidejournal.com\/index.php?rest_route=\/wp\/v2\/posts\/120042\/revisions"}],"wp:attachment":[{"href":"https:\/\/theworldwidejournal.com\/index.php?rest_route=%2Fwp%2Fv2%2Fmedia&parent=120042"}],"wp:term":[{"taxonomy":"category","embeddable":true,"href":"https:\/\/theworldwidejournal.com\/index.php?rest_route=%2Fwp%2Fv2%2Fcategories&post=120042"},{"taxonomy":"post_tag","embeddable":true,"href":"https:\/\/theworldwidejournal.com\/index.php?rest_route=%2Fwp%2Fv2%2Ftags&post=120042"}],"curies":[{"name":"wp","href":"https:\/\/api.w.org\/{rel}","templated":true}]}}