{"id":120043,"date":"2019-11-21T22:26:14","date_gmt":"2019-11-21T21:26:14","guid":{"rendered":"https:\/\/theworldwidejournal.com\/2019\/11\/21\/notre-pays-est-trop-negatif-estime-emmanuel-macron-devant-des-etudiants-a-amiens\/"},"modified":"2019-11-21T22:26:14","modified_gmt":"2019-11-21T21:26:14","slug":"notre-pays-est-trop-negatif-estime-emmanuel-macron-devant-des-etudiants-a-amiens","status":"publish","type":"post","link":"https:\/\/theworldwidejournal.com\/?p=120043","title":{"rendered":"\u00ab\u00a0Notre pays est trop n\u00e9gatif\u00a0\u00bb, estime Emmanuel Macron devant des \u00e9tudiants \u00e0 Amiens"},"content":{"rendered":"<p>Le pr\u00e9sident a une nouvelle fois d\u00e9plor\u00e9 les \u00ab\u00a0violences dans la rue\u00a0\u00bb, apr\u00e8s celles dans les universit\u00e9s, lors des manifestations de \u00ab\u00a0gilets jaunes\u00a0\u00bb et \u00e0 l\u2019approche du mouvement du 5\u00a0d\u00e9cembre<br \/>\nVia: <a href=\"https:\/\/www.lemonde.fr\/politique\/article\/2019\/11\/21\/notre-pays-est-trop-negatif-estime-emmanuel-macron-devant-des-etudiants-a-amiens_6020057_823448.html\" target=\"_blank\">\u00ab\u00a0Notre pays est trop n\u00e9gatif\u00a0\u00bb, estime Emmanuel Macron devant des \u00e9tudiants \u00e0 Amiens<\/a><\/p>\n","protected":false},"excerpt":{"rendered":"<p>Le pr\u00e9sident a une nouvelle fois d\u00e9plor\u00e9 les \u00ab\u00a0violences dans la rue\u00a0\u00bb, apr\u00e8s celles dans les universit\u00e9s, lors des manifestations de \u00ab\u00a0gilets jaunes\u00a0\u00bb et \u00e0 l\u2019approche du mouvement du 5\u00a0d\u00e9cembre Via: \u00ab\u00a0Notre pays est trop n\u00e9gatif\u00a0\u00bb, estime Emmanuel Macron devant des \u00e9tudiants \u00e0 Amiens<\/p>\n","protected":false},"author":2,"featured_media":0,"comment_status":"open","ping_status":"closed","sticky":false,"template":"","format":"standard","meta":{"footnotes":""},"categories":[4],"tags":[],"class_list":["post-120043","post","type-post","status-publish","format-standard","hentry","category-french"],"_links":{"self":[{"href":"https:\/\/theworldwidejournal.com\/index.php?rest_route=\/wp\/v2\/posts\/120043","targetHints":{"allow":["GET"]}}],"collection":[{"href":"https:\/\/theworldwidejournal.com\/index.php?rest_route=\/wp\/v2\/posts"}],"about":[{"href":"https:\/\/theworldwidejournal.com\/index.php?rest_route=\/wp\/v2\/types\/post"}],"author":[{"embeddable":true,"href":"https:\/\/theworldwidejournal.com\/index.php?rest_route=\/wp\/v2\/users\/2"}],"replies":[{"embeddable":true,"href":"https:\/\/theworldwidejournal.com\/index.php?rest_route=%2Fwp%2Fv2%2Fcomments&post=120043"}],"version-history":[{"count":0,"href":"https:\/\/theworldwidejournal.com\/index.php?rest_route=\/wp\/v2\/posts\/120043\/revisions"}],"wp:attachment":[{"href":"https:\/\/theworldwidejournal.com\/index.php?rest_route=%2Fwp%2Fv2%2Fmedia&parent=120043"}],"wp:term":[{"taxonomy":"category","embeddable":true,"href":"https:\/\/theworldwidejournal.com\/index.php?rest_route=%2Fwp%2Fv2%2Fcategories&post=120043"},{"taxonomy":"post_tag","embeddable":true,"href":"https:\/\/theworldwidejournal.com\/index.php?rest_route=%2Fwp%2Fv2%2Ftags&post=120043"}],"curies":[{"name":"wp","href":"https:\/\/api.w.org\/{rel}","templated":true}]}}