{"id":120053,"date":"2019-11-21T18:23:00","date_gmt":"2019-11-21T17:23:00","guid":{"rendered":"https:\/\/theworldwidejournal.com\/2019\/11\/21\/deux-belges-places-en-retention-apres-une-manifestation-des-gilets-jaunes\/"},"modified":"2019-11-21T18:23:00","modified_gmt":"2019-11-21T17:23:00","slug":"deux-belges-places-en-retention-apres-une-manifestation-des-gilets-jaunes","status":"publish","type":"post","link":"https:\/\/theworldwidejournal.com\/?p=120053","title":{"rendered":"Deux Belges plac\u00e9s en r\u00e9tention apr\u00e8s une manifestation des gilets jaunes"},"content":{"rendered":"<p>Samedi, ces deux ressortissants d&#8217;outre-Qui\u00e9vrain ont \u00e9t\u00e9 interpell\u00e9s alors qu&#8217;ils se trouvaient \u00e0 proximit\u00e9 de manifestants. Ils ont \u00e9t\u00e9 plac\u00e9s en garde \u00e0 vue puis en centre de r\u00e9tention, malgr\u00e9 leur relaxe par le tribunal correctionnel. L&#8217;un d&#8217;entre eux est toujours retenu au centre de r\u00e9tention du Mesnil-Amelot.<br \/>\nVia: <a href=\"https:\/\/www.liberation.fr\/france\/2019\/11\/21\/deux-belges-places-en-retention-apres-une-manifestation-des-gilets-jaunes_1764728?xtor=rss-450\" target=\"_blank\">Deux Belges plac\u00e9s en r\u00e9tention apr\u00e8s une manifestation des gilets jaunes<\/a><\/p>\n","protected":false},"excerpt":{"rendered":"<p>Samedi, ces deux ressortissants d&#8217;outre-Qui\u00e9vrain ont \u00e9t\u00e9 interpell\u00e9s alors qu&#8217;ils se trouvaient \u00e0 proximit\u00e9 de manifestants. Ils ont \u00e9t\u00e9 plac\u00e9s en garde \u00e0 vue puis en centre de r\u00e9tention, malgr\u00e9 leur relaxe par le tribunal correctionnel. L&#8217;un d&#8217;entre eux est toujours retenu au centre de r\u00e9tention du Mesnil-Amelot. Via: Deux [&hellip;]<\/p>\n","protected":false},"author":2,"featured_media":0,"comment_status":"open","ping_status":"closed","sticky":false,"template":"","format":"standard","meta":{"footnotes":""},"categories":[4],"tags":[],"class_list":["post-120053","post","type-post","status-publish","format-standard","hentry","category-french"],"_links":{"self":[{"href":"https:\/\/theworldwidejournal.com\/index.php?rest_route=\/wp\/v2\/posts\/120053","targetHints":{"allow":["GET"]}}],"collection":[{"href":"https:\/\/theworldwidejournal.com\/index.php?rest_route=\/wp\/v2\/posts"}],"about":[{"href":"https:\/\/theworldwidejournal.com\/index.php?rest_route=\/wp\/v2\/types\/post"}],"author":[{"embeddable":true,"href":"https:\/\/theworldwidejournal.com\/index.php?rest_route=\/wp\/v2\/users\/2"}],"replies":[{"embeddable":true,"href":"https:\/\/theworldwidejournal.com\/index.php?rest_route=%2Fwp%2Fv2%2Fcomments&post=120053"}],"version-history":[{"count":0,"href":"https:\/\/theworldwidejournal.com\/index.php?rest_route=\/wp\/v2\/posts\/120053\/revisions"}],"wp:attachment":[{"href":"https:\/\/theworldwidejournal.com\/index.php?rest_route=%2Fwp%2Fv2%2Fmedia&parent=120053"}],"wp:term":[{"taxonomy":"category","embeddable":true,"href":"https:\/\/theworldwidejournal.com\/index.php?rest_route=%2Fwp%2Fv2%2Fcategories&post=120053"},{"taxonomy":"post_tag","embeddable":true,"href":"https:\/\/theworldwidejournal.com\/index.php?rest_route=%2Fwp%2Fv2%2Ftags&post=120053"}],"curies":[{"name":"wp","href":"https:\/\/api.w.org\/{rel}","templated":true}]}}