{"id":120084,"date":"2019-11-22T00:41:30","date_gmt":"2019-11-21T23:41:30","guid":{"rendered":"https:\/\/theworldwidejournal.com\/2019\/11\/22\/colombia-se-moviliza-de-forma-masiva-contra-el-gobierno-de-ivan-duque\/"},"modified":"2019-11-22T00:41:30","modified_gmt":"2019-11-21T23:41:30","slug":"colombia-se-moviliza-de-forma-masiva-contra-el-gobierno-de-ivan-duque","status":"publish","type":"post","link":"https:\/\/theworldwidejournal.com\/?p=120084","title":{"rendered":"Colombia se moviliza de forma masiva contra el Gobierno de Iv\u00e1n Duque"},"content":{"rendered":"<p>Miles de colombianos han salido este jueves a las calles de todo el pa\u00eds para expresar su descontento con el Gobierno de Iv\u00e1n Duque, que pasa por sus horas m\u00e1s bajas al frente de la presidencia. El ambiente de miedo previo a las protestas tras los registros policiales a colectivos de artistas y a medios\u00a0de comunicaci\u00f3n, adem\u00e1s de la presencia de soldados en las calles de Bogot\u00e1,\u00a0contrasta con el ambiente festivo y, a grandes rasgos tranquilo, que ha marcado las movilizaciones. Los incidentes, en su mayor\u00eda aislados, se han concentrado en Bogot\u00e1 y en la ciudad de Cali (oeste del pa\u00eds), una de las m\u00e1s violentas del pa\u00eds, donde se ha decretado el toque de queda a partir de las 19.00 horas, ante algunos saqueos, seg\u00fan ha asegurado el alcalde de la ciudad\u00a0Maurice Armitage.\u00a0El transporte de pasajeros tambi\u00e9n ha tenido que ser suspendido en esta ciudad y una ambulancia que llevaba a un paciente ha sido atacada. Las autoridades han informado que aqu\u00ed al menos siete polic\u00edas y un estudiante han resultado heridos, ninguno de gravedad. En todo el pa\u00eds, la cifra de lesionados asciende a 37, 29 de ellos agentes.\u00a0Seguir leyendo.<br \/>\nVia: <a href=\"https:\/\/elpais.com\/internacional\/2019\/11\/21\/actualidad\/1574362806_619689.html#?ref=rss&#038;format=simple&#038;link=link\" target=\"_blank\">Colombia se moviliza de forma masiva contra el Gobierno de Iv\u00e1n Duque<\/a><\/p>\n","protected":false},"excerpt":{"rendered":"<p>Miles de colombianos han salido este jueves a las calles de todo el pa\u00eds para expresar su descontento con el Gobierno de Iv\u00e1n Duque, que pasa por sus horas m\u00e1s bajas al frente de la presidencia. El ambiente de miedo previo a las protestas tras los registros policiales a colectivos [&hellip;]<\/p>\n","protected":false},"author":2,"featured_media":0,"comment_status":"open","ping_status":"closed","sticky":false,"template":"","format":"standard","meta":{"footnotes":""},"categories":[6],"tags":[],"class_list":["post-120084","post","type-post","status-publish","format-standard","hentry","category-spanish"],"_links":{"self":[{"href":"https:\/\/theworldwidejournal.com\/index.php?rest_route=\/wp\/v2\/posts\/120084","targetHints":{"allow":["GET"]}}],"collection":[{"href":"https:\/\/theworldwidejournal.com\/index.php?rest_route=\/wp\/v2\/posts"}],"about":[{"href":"https:\/\/theworldwidejournal.com\/index.php?rest_route=\/wp\/v2\/types\/post"}],"author":[{"embeddable":true,"href":"https:\/\/theworldwidejournal.com\/index.php?rest_route=\/wp\/v2\/users\/2"}],"replies":[{"embeddable":true,"href":"https:\/\/theworldwidejournal.com\/index.php?rest_route=%2Fwp%2Fv2%2Fcomments&post=120084"}],"version-history":[{"count":0,"href":"https:\/\/theworldwidejournal.com\/index.php?rest_route=\/wp\/v2\/posts\/120084\/revisions"}],"wp:attachment":[{"href":"https:\/\/theworldwidejournal.com\/index.php?rest_route=%2Fwp%2Fv2%2Fmedia&parent=120084"}],"wp:term":[{"taxonomy":"category","embeddable":true,"href":"https:\/\/theworldwidejournal.com\/index.php?rest_route=%2Fwp%2Fv2%2Fcategories&post=120084"},{"taxonomy":"post_tag","embeddable":true,"href":"https:\/\/theworldwidejournal.com\/index.php?rest_route=%2Fwp%2Fv2%2Ftags&post=120084"}],"curies":[{"name":"wp","href":"https:\/\/api.w.org\/{rel}","templated":true}]}}