{"id":120087,"date":"2019-11-22T00:01:40","date_gmt":"2019-11-21T23:01:40","guid":{"rendered":"https:\/\/theworldwidejournal.com\/2019\/11\/22\/uber-ya-permite-contratar-taxis-en-madrid-a-traves-de-su-plataforma\/"},"modified":"2019-11-22T00:01:40","modified_gmt":"2019-11-21T23:01:40","slug":"uber-ya-permite-contratar-taxis-en-madrid-a-traves-de-su-plataforma","status":"publish","type":"post","link":"https:\/\/theworldwidejournal.com\/?p=120087","title":{"rendered":"Uber ya permite contratar taxis en Madrid a trav\u00e9s de su plataforma"},"content":{"rendered":"<p>A partir de las 10 de la ma\u00f1ana de este viernes, cuando un usuario de la aplicaci\u00f3n de m\u00f3vil UberX contrate un viaje, puede que le sea asignado\u00a0tanto un VTC (veh\u00edculo de transporte concertado) como un taxi. Esta novedad solo estar\u00e1 disponible en la Comunidad de Madrid, la \u00fanica regi\u00f3n que, tras modificar la normativa que regula el sector del taxi hace unos meses, contempla que tambi\u00e9n este gremio pueda precontratar el servicio y pactar un precio cerrado. &#8220;La integraci\u00f3n del taxi en nuestra plataforma es un gran paso adelante para nosotros y creemos firmemente que esta alianza va a ser beneficiosa para todos&#8221;, asegura Juan Galiardo, director de Uber en Espa\u00f1a, que hab\u00eda anunciado hace un mes que la empresa abrir\u00eda su aplicaci\u00f3n al sector del taxi.Seguir leyendo.<br \/>\nVia: <a href=\"https:\/\/elpais.com\/economia\/2019\/11\/21\/actualidad\/1574351342_919782.html#?ref=rss&#038;format=simple&#038;link=link\" target=\"_blank\">Uber ya permite contratar taxis en Madrid a trav\u00e9s de su plataforma<\/a><\/p>\n","protected":false},"excerpt":{"rendered":"<p>A partir de las 10 de la ma\u00f1ana de este viernes, cuando un usuario de la aplicaci\u00f3n de m\u00f3vil UberX contrate un viaje, puede que le sea asignado\u00a0tanto un VTC (veh\u00edculo de transporte concertado) como un taxi. Esta novedad solo estar\u00e1 disponible en la Comunidad de Madrid, la \u00fanica regi\u00f3n [&hellip;]<\/p>\n","protected":false},"author":2,"featured_media":0,"comment_status":"open","ping_status":"closed","sticky":false,"template":"","format":"standard","meta":{"footnotes":""},"categories":[6],"tags":[],"class_list":["post-120087","post","type-post","status-publish","format-standard","hentry","category-spanish"],"_links":{"self":[{"href":"https:\/\/theworldwidejournal.com\/index.php?rest_route=\/wp\/v2\/posts\/120087","targetHints":{"allow":["GET"]}}],"collection":[{"href":"https:\/\/theworldwidejournal.com\/index.php?rest_route=\/wp\/v2\/posts"}],"about":[{"href":"https:\/\/theworldwidejournal.com\/index.php?rest_route=\/wp\/v2\/types\/post"}],"author":[{"embeddable":true,"href":"https:\/\/theworldwidejournal.com\/index.php?rest_route=\/wp\/v2\/users\/2"}],"replies":[{"embeddable":true,"href":"https:\/\/theworldwidejournal.com\/index.php?rest_route=%2Fwp%2Fv2%2Fcomments&post=120087"}],"version-history":[{"count":0,"href":"https:\/\/theworldwidejournal.com\/index.php?rest_route=\/wp\/v2\/posts\/120087\/revisions"}],"wp:attachment":[{"href":"https:\/\/theworldwidejournal.com\/index.php?rest_route=%2Fwp%2Fv2%2Fmedia&parent=120087"}],"wp:term":[{"taxonomy":"category","embeddable":true,"href":"https:\/\/theworldwidejournal.com\/index.php?rest_route=%2Fwp%2Fv2%2Fcategories&post=120087"},{"taxonomy":"post_tag","embeddable":true,"href":"https:\/\/theworldwidejournal.com\/index.php?rest_route=%2Fwp%2Fv2%2Ftags&post=120087"}],"curies":[{"name":"wp","href":"https:\/\/api.w.org\/{rel}","templated":true}]}}