{"id":120091,"date":"2019-11-22T01:45:48","date_gmt":"2019-11-22T00:45:48","guid":{"rendered":"https:\/\/theworldwidejournal.com\/2019\/11\/22\/un-nuevo-temporal-de-lluvia-y-viento-llega-a-la-peninsula\/"},"modified":"2019-11-22T01:45:48","modified_gmt":"2019-11-22T00:45:48","slug":"un-nuevo-temporal-de-lluvia-y-viento-llega-a-la-peninsula","status":"publish","type":"post","link":"https:\/\/theworldwidejournal.com\/?p=120091","title":{"rendered":"Un nuevo temporal de lluvia y viento llega a la Pen\u00ednsula"},"content":{"rendered":"<p>Un nuevo temporal de lluvia y viento vuelve a azotar la Pen\u00ednsula. Una profunda borrasca atl\u00e1ntica ha obligado a la Agencia Estatal de Meteorolog\u00eda (Aemet) a activar para este viernes avisos en 36 provincias y Melilla por lluvia, viento, nieve, deshielo o mala mar. Seg\u00fan avance el fin de semana, el tiempo ir\u00e1 mejorando, pero el domingo es probable que lleguen nuevos frentes atl\u00e1nticos con lluvias y vientos fuertes. La borrasca que se extiende hoy lleva un sistema frontal asociado muy activo que dejar\u00e1 lluvias y chubascos, localmente persistentes y ocasionalmente fuertes y con tormentas. Las precipitaciones ser\u00e1n generalizadas este viernes y m\u00e1s copiosas en Galicia, el sur de Andaluc\u00eda y la cara sur de los principales sistemas monta\u00f1osos. Las lluvias ser\u00e1n m\u00e1s d\u00e9biles en el Cant\u00e1brico oriental y el \u00e1rea levantina, donde a \u00faltimas horas se abrir\u00e1n claros en el cielo. Canarias tendr\u00e1 algunas precipitaciones d\u00e9biles. Otro fen\u00f3meno adverso y generalizado ser\u00e1 el viento, con rachas fuertes o muy fuertes inicialmente de componente sur que girar\u00e1n a componente oeste en pr\u00e1cticamente toda la pen\u00ednsula y Baleares. Por ello, la mayor parte de las zonas costeras tendr\u00e1n mala mar. El d\u00eda estar\u00e1 mayormente nublado y, adem\u00e1s, nevar\u00e1 en zonas monta\u00f1osas, con la cota bajando a entre 1.100 y 1.300 metros en el norte, y situada entre 1.400 y 1.800 metros en el centro, Pirineos y, al final del d\u00eda, las cordilleras del sur. La predicci\u00f3n de la Aemet, recogida por Servimedia, indica que \u00e1reas de 36 provincias y Melilla tienen este viernes avisos por fen\u00f3menos adversos. Con el aviso naranja (riesgo importante, el segundo en una escala de tres niveles) est\u00e1 el litoral andaluz desde la zona gaditana del Estrecho pasando por M\u00e1laga, Granada y parte de Almer\u00eda, esto es, toda la zona del mar de Albor\u00e1n. En esos lugares se esperan vientos del oeste de fuerza ocho y olas de hasta cuatro metros. El resto de los avisos son amarillos (riesgo, el m\u00e1s bajo en la escala). El fen\u00f3meno adverso m\u00e1s extendido ser\u00e1 el viento por rachas fuertes de 70 a 80 km\/h en 32 provincias y Melilla. En cuanto a la lluvia, estar\u00e1 presente en toda la pen\u00ednsula, Baleares y Ceuta, pero merece la consideraci\u00f3n de aviso amarillo en 19 provincias y Ceuta. Esas provincias son Girona, Huesca y Lleida (Pirineo); C\u00e1ceres (mitad norte), A Coru\u00f1a (suroeste), Pontevedra, Ourense, Almer\u00eda (litoral de Albor\u00e1n), Granada (costa), M\u00e1laga, C\u00e1diz, Huelva, Sevilla, C\u00f3rdoba, Ja\u00e9n (capital y montes), Barcelona (prepirineo), Zamora (Sanabria) y \u00c1vila y Salamanca (Sistema Central y sur). Los avisos por nevadas est\u00e1n s\u00f3lo en el Pirineo leridano y oscense, donde podr\u00edan acumularse unos 10 cent\u00edmetros de grosor de nieve sobre la superficie, y los de deshielo se refieren a las zonas altas de \u00c1vila, Burgos, Le\u00f3n, Palencia, Salamanca, Segovia y Zamora. Por otro lado, las temperaturas subir\u00e1n en toda la pen\u00ednsula salvo el tercio nordeste y zonas del Cant\u00e1brico y de la Meseta Sur. S\u00f3lo se esperan menos de 10 grados en las monta\u00f1as del norte y sus zonas pr\u00f3ximas. Las capitales o ciudades aut\u00f3nomas m\u00e1s calurosas ser\u00e1n Santa Cruz de Tenerife (25\u00baC), Las Palmas de Gran Canaria (24), Melilla (23) y Huelva y Murcia (20), en tanto que har\u00e1 m\u00e1s fr\u00edo en Le\u00f3n, Soria y Vitoria (9), y Burgos, Huesca, Logro\u00f1o, Palencia y Pamplona (10).<br \/>\nVia: <a href=\"https:\/\/www.abc.es\/sociedad\/abci-nuevo-temporal-lluvia-y-viento-llega-peninsula-201911220145_noticia.html\" target=\"_blank\">Un nuevo temporal de lluvia y viento llega a la Pen\u00ednsula<\/a><\/p>\n","protected":false},"excerpt":{"rendered":"<p>Un nuevo temporal de lluvia y viento vuelve a azotar la Pen\u00ednsula. Una profunda borrasca atl\u00e1ntica ha obligado a la Agencia Estatal de Meteorolog\u00eda (Aemet) a activar para este viernes avisos en 36 provincias y Melilla por lluvia, viento, nieve, deshielo o mala mar. Seg\u00fan avance el fin de semana, [&hellip;]<\/p>\n","protected":false},"author":2,"featured_media":120092,"comment_status":"open","ping_status":"closed","sticky":false,"template":"","format":"standard","meta":{"footnotes":""},"categories":[6],"tags":[],"class_list":["post-120091","post","type-post","status-publish","format-standard","has-post-thumbnail","hentry","category-spanish"],"_links":{"self":[{"href":"https:\/\/theworldwidejournal.com\/index.php?rest_route=\/wp\/v2\/posts\/120091","targetHints":{"allow":["GET"]}}],"collection":[{"href":"https:\/\/theworldwidejournal.com\/index.php?rest_route=\/wp\/v2\/posts"}],"about":[{"href":"https:\/\/theworldwidejournal.com\/index.php?rest_route=\/wp\/v2\/types\/post"}],"author":[{"embeddable":true,"href":"https:\/\/theworldwidejournal.com\/index.php?rest_route=\/wp\/v2\/users\/2"}],"replies":[{"embeddable":true,"href":"https:\/\/theworldwidejournal.com\/index.php?rest_route=%2Fwp%2Fv2%2Fcomments&post=120091"}],"version-history":[{"count":0,"href":"https:\/\/theworldwidejournal.com\/index.php?rest_route=\/wp\/v2\/posts\/120091\/revisions"}],"wp:featuredmedia":[{"embeddable":true,"href":"https:\/\/theworldwidejournal.com\/index.php?rest_route=\/wp\/v2\/media\/120092"}],"wp:attachment":[{"href":"https:\/\/theworldwidejournal.com\/index.php?rest_route=%2Fwp%2Fv2%2Fmedia&parent=120091"}],"wp:term":[{"taxonomy":"category","embeddable":true,"href":"https:\/\/theworldwidejournal.com\/index.php?rest_route=%2Fwp%2Fv2%2Fcategories&post=120091"},{"taxonomy":"post_tag","embeddable":true,"href":"https:\/\/theworldwidejournal.com\/index.php?rest_route=%2Fwp%2Fv2%2Ftags&post=120091"}],"curies":[{"name":"wp","href":"https:\/\/api.w.org\/{rel}","templated":true}]}}