{"id":120162,"date":"2019-11-22T13:17:18","date_gmt":"2019-11-22T12:17:18","guid":{"rendered":"https:\/\/theworldwidejournal.com\/2019\/11\/22\/zidane-habla-de-bale-hay-mucho-ruido-con-el-no-le-gusta-que-hablemos-asi-de-el\/"},"modified":"2019-11-22T13:17:18","modified_gmt":"2019-11-22T12:17:18","slug":"zidane-habla-de-bale-hay-mucho-ruido-con-el-no-le-gusta-que-hablemos-asi-de-el","status":"publish","type":"post","link":"https:\/\/theworldwidejournal.com\/?p=120162","title":{"rendered":"Zidane habla de Bale: \u00abHay mucho ruido con \u00e9l, no le gusta que hablemos as\u00ed de \u00e9l\u00bb"},"content":{"rendered":"<p>Bale era el asunto del d\u00eda ante Zidane, pero el franc\u00e9s cambi\u00f3 de giro ante una pregunta de ABC. Dio una nueva demostraci\u00f3n su madridismo que puso otra nota en su historial: \u00abYo, en Espa\u00f1a, solo entrenar\u00e9 al Real Madrid. Yo soy blanco, gracias al presidente vine aqu\u00ed hace 18 a\u00f1os\u00bb. \u00abHe hablado con Gareth y todo est\u00e1 bien; lo que pasa fuera del campo no me compete. \u00c9l piensa que es demasiado. Va a estar enganchado\u00bb El entrenador franc\u00e9s, que ha cambiado al equipo con un aumento de la carga f\u00edsica, abord\u00f3 el litigio del gal\u00e9s con parquedad. Quer\u00eda cerrar p\u00e1gina con el litigio de la bandera de la selecci\u00f3n de Gareth que dec\u00eda \u00abGales, golf y Madrid, por este orden\u00bb. Fue directo: \u00abHay mucho ruido, demasiado, alrededor de Gareth. Ha dado mucho al Real Madrid. Solo voy a juzgar lo que compete al f\u00fatbol, dentro del campo, lo que sucede fuera no me afecta\u00bb. Son baja Nacho, James y Asensio, que acorta sus plazos y espera obtener el alta en febrero No tendr\u00e1 castigo: \u00abNo es de mi competencia. Se habla demasiado de esto, de Bale\u00bb. Se la ha recriminado su actitud: \u00abHe hablado con \u00e9l, como con todos los jugadores, y todo est\u00e1 bien. Bale ha dado mucho a este equipo. Yo le vi muy feliz cuando marc\u00f3 los goles en la final de la Champions ante el Liverpool\u00bb. Karin Benzema es el m\u00e1ximo goleador del equipo. ABC ya public\u00f3 en agosto que el club desea renovar al franc\u00e9s, adem\u00e1s de a Casemiro y Valverde. El jugador es muy honesto y ver\u00e1 hasta cuando firma. Son baja Asensio, Nacho y James. El mallorqu\u00edn avanza en su recuperaci\u00f3n y espera ser alta en febrero. Nacho ser\u00e1 alta en diciembre. James estar\u00e1 dos semanas de baja.<br \/>\nVia: <a href=\"https:\/\/www.abc.es\/deportes\/real-madrid\/abci-zidane-habla-bale-mucho-ruido-no-gusta-hablemos-201911221317_noticia.html\" target=\"_blank\">Zidane habla de Bale: \u00abHay mucho ruido con \u00e9l, no le gusta que hablemos as\u00ed de \u00e9l\u00bb<\/a><\/p>\n","protected":false},"excerpt":{"rendered":"<p>Bale era el asunto del d\u00eda ante Zidane, pero el franc\u00e9s cambi\u00f3 de giro ante una pregunta de ABC. Dio una nueva demostraci\u00f3n su madridismo que puso otra nota en su historial: \u00abYo, en Espa\u00f1a, solo entrenar\u00e9 al Real Madrid. Yo soy blanco, gracias al presidente vine aqu\u00ed hace 18 [&hellip;]<\/p>\n","protected":false},"author":2,"featured_media":120163,"comment_status":"open","ping_status":"closed","sticky":false,"template":"","format":"standard","meta":{"footnotes":""},"categories":[6],"tags":[],"class_list":["post-120162","post","type-post","status-publish","format-standard","has-post-thumbnail","hentry","category-spanish"],"_links":{"self":[{"href":"https:\/\/theworldwidejournal.com\/index.php?rest_route=\/wp\/v2\/posts\/120162","targetHints":{"allow":["GET"]}}],"collection":[{"href":"https:\/\/theworldwidejournal.com\/index.php?rest_route=\/wp\/v2\/posts"}],"about":[{"href":"https:\/\/theworldwidejournal.com\/index.php?rest_route=\/wp\/v2\/types\/post"}],"author":[{"embeddable":true,"href":"https:\/\/theworldwidejournal.com\/index.php?rest_route=\/wp\/v2\/users\/2"}],"replies":[{"embeddable":true,"href":"https:\/\/theworldwidejournal.com\/index.php?rest_route=%2Fwp%2Fv2%2Fcomments&post=120162"}],"version-history":[{"count":0,"href":"https:\/\/theworldwidejournal.com\/index.php?rest_route=\/wp\/v2\/posts\/120162\/revisions"}],"wp:featuredmedia":[{"embeddable":true,"href":"https:\/\/theworldwidejournal.com\/index.php?rest_route=\/wp\/v2\/media\/120163"}],"wp:attachment":[{"href":"https:\/\/theworldwidejournal.com\/index.php?rest_route=%2Fwp%2Fv2%2Fmedia&parent=120162"}],"wp:term":[{"taxonomy":"category","embeddable":true,"href":"https:\/\/theworldwidejournal.com\/index.php?rest_route=%2Fwp%2Fv2%2Fcategories&post=120162"},{"taxonomy":"post_tag","embeddable":true,"href":"https:\/\/theworldwidejournal.com\/index.php?rest_route=%2Fwp%2Fv2%2Ftags&post=120162"}],"curies":[{"name":"wp","href":"https:\/\/api.w.org\/{rel}","templated":true}]}}