{"id":120164,"date":"2019-11-22T12:35:28","date_gmt":"2019-11-22T11:35:28","guid":{"rendered":"https:\/\/theworldwidejournal.com\/2019\/11\/22\/el-pp-pedira-la-comparecencia-urgente-de-sanchez-por-los-ere-cuando-se-constituya-el-parlamento\/"},"modified":"2019-11-22T12:35:28","modified_gmt":"2019-11-22T11:35:28","slug":"el-pp-pedira-la-comparecencia-urgente-de-sanchez-por-los-ere-cuando-se-constituya-el-parlamento","status":"publish","type":"post","link":"https:\/\/theworldwidejournal.com\/?p=120164","title":{"rendered":"El PP pedir\u00e1 la comparecencia urgente de S\u00e1nchez por los ERE cuando se constituya el Parlamento"},"content":{"rendered":"<p>El portavoz del Grupo Popular en el Senado, Javier Maroto, ha anunciado que la primera petici\u00f3n que registrar\u00e1 el PP en el Parlamento cuando se constituyan las Cortes el pr\u00f3ximo 3 de diciembre ser\u00e1 la comparecencia extraordinaria y urgente del jefe del Ejecutivo en funciones, Pedro S\u00e1nchez, por el esc\u00e1ndalo de los ERE. En una rueda de prensa en el Senado, Maroto ha subrayado que S\u00e1nchez tiene tres ministros que \u00abpertenecen a la peor \u00e9poca del socialismo andaluz\u00bb que \u00abrob\u00f3 a los parados\u00bb, en alusi\u00f3n a Mar\u00eda Jes\u00fas Montero, Carmen Calvo y Luis Planas. A su entender, es \u00abimposible sostener\u00bb que el caso de los ERE \u00abno salpica al Partido Socialista\u00bb. El portavoz del PP en el Senado ha afirmado que la sentencia de los ERE evidencia que se trata del \u00abmayor caso de corrupci\u00f3n de Espa\u00f1a y la Uni\u00f3n Europea\u00bb y ha se\u00f1alado que la primera decisi\u00f3n \u00abpol\u00edtica\u00bb del partido que dirige Pablo Casado ser\u00e1 solicitar esa comparecencia de S\u00e1nchez para explicar este asunto. Seg\u00fan ha recalcado, es \u00abincre\u00edble\u00bb que el l\u00edder del PSOE permanezca \u00aben silencio\u00bb tras este fallo judicial que se conoci\u00f3 el pasado martes.<br \/>\nVia: <a href=\"https:\/\/www.abc.es\/espana\/abci-pp-pedira-comparecencia-urgente-sanchez-cuando-constituya-parlamento-201911221235_noticia.html\" target=\"_blank\">El PP pedir\u00e1 la comparecencia urgente de S\u00e1nchez por los ERE cuando se constituya el Parlamento<\/a><\/p>\n","protected":false},"excerpt":{"rendered":"<p>El portavoz del Grupo Popular en el Senado, Javier Maroto, ha anunciado que la primera petici\u00f3n que registrar\u00e1 el PP en el Parlamento cuando se constituyan las Cortes el pr\u00f3ximo 3 de diciembre ser\u00e1 la comparecencia extraordinaria y urgente del jefe del Ejecutivo en funciones, Pedro S\u00e1nchez, por el esc\u00e1ndalo [&hellip;]<\/p>\n","protected":false},"author":2,"featured_media":120165,"comment_status":"open","ping_status":"closed","sticky":false,"template":"","format":"standard","meta":{"footnotes":""},"categories":[6],"tags":[],"class_list":["post-120164","post","type-post","status-publish","format-standard","has-post-thumbnail","hentry","category-spanish"],"_links":{"self":[{"href":"https:\/\/theworldwidejournal.com\/index.php?rest_route=\/wp\/v2\/posts\/120164","targetHints":{"allow":["GET"]}}],"collection":[{"href":"https:\/\/theworldwidejournal.com\/index.php?rest_route=\/wp\/v2\/posts"}],"about":[{"href":"https:\/\/theworldwidejournal.com\/index.php?rest_route=\/wp\/v2\/types\/post"}],"author":[{"embeddable":true,"href":"https:\/\/theworldwidejournal.com\/index.php?rest_route=\/wp\/v2\/users\/2"}],"replies":[{"embeddable":true,"href":"https:\/\/theworldwidejournal.com\/index.php?rest_route=%2Fwp%2Fv2%2Fcomments&post=120164"}],"version-history":[{"count":0,"href":"https:\/\/theworldwidejournal.com\/index.php?rest_route=\/wp\/v2\/posts\/120164\/revisions"}],"wp:featuredmedia":[{"embeddable":true,"href":"https:\/\/theworldwidejournal.com\/index.php?rest_route=\/wp\/v2\/media\/120165"}],"wp:attachment":[{"href":"https:\/\/theworldwidejournal.com\/index.php?rest_route=%2Fwp%2Fv2%2Fmedia&parent=120164"}],"wp:term":[{"taxonomy":"category","embeddable":true,"href":"https:\/\/theworldwidejournal.com\/index.php?rest_route=%2Fwp%2Fv2%2Fcategories&post=120164"},{"taxonomy":"post_tag","embeddable":true,"href":"https:\/\/theworldwidejournal.com\/index.php?rest_route=%2Fwp%2Fv2%2Ftags&post=120164"}],"curies":[{"name":"wp","href":"https:\/\/api.w.org\/{rel}","templated":true}]}}