{"id":120166,"date":"2019-11-22T12:34:07","date_gmt":"2019-11-22T11:34:07","guid":{"rendered":"https:\/\/theworldwidejournal.com\/2019\/11\/22\/cc-cambia-el-paso-y-se-abre-a-apoyar-un-gobierno-de-psoe-y-podemos-si-se-dan-las-condiciones\/"},"modified":"2019-11-22T12:34:07","modified_gmt":"2019-11-22T11:34:07","slug":"cc-cambia-el-paso-y-se-abre-a-apoyar-un-gobierno-de-psoe-y-podemos-si-se-dan-las-condiciones","status":"publish","type":"post","link":"https:\/\/theworldwidejournal.com\/?p=120166","title":{"rendered":"CC cambia el paso y se abre a apoyar un gobierno de PSOE y Podemos \u00absi se dan las condiciones\u00bb"},"content":{"rendered":"<p>La repetici\u00f3n electoral y la complicaci\u00f3n de la aritm\u00e9tica parlamentaria ha llevado a Coalici\u00f3n Canaria a modificar la posici\u00f3n que mantuvo tras el 28 de abril y abrirse ahora a apoyar un gobierno de coalici\u00f3n entre PSOE y Podemos \u00absi se dan las condiciones\u00bb. Tras la anterior cita electoral, la posici\u00f3n de los nacionalistas canarios fue el veto sin fisuras a cualquier posible ejecutivo en el que participara Podemos. El pr\u00f3ximo viernes la portavoz del Congreso, Adriana Lastra, se reunir\u00e1 con los dirigentes de CC para abordar la investidura. Seg\u00fan su portavoz parlamentaria en la C\u00e1mara Baja, Ana Oramas, esta apertura al di\u00e1logo no significa, no obstante, que su \u00abs\u00ed\u00bb pueda darse por descontado y ha hecho hincapi\u00e9 no solo en que su formaci\u00f3n a\u00fan no ha tomado una decisi\u00f3n sino que no la adoptar\u00e1 hasta que PSOE y Podemos desvelen cu\u00e1l es el detalle de las pol\u00edticas que quieren implementar para Catalu\u00f1a, las pensiones, los presupuestos o el mercado laboral. \u00abEl \u00fanico compromiso es ir a escuchar y tener la voluntad de ayudar al desbloqueo si se dan las condiciones\u00bb, ha remarcado. As\u00ed, ha advertido que el documento firmado entre PSOE y Podemos no es m\u00e1s que \u00abun canto al sol\u00bb que \u00abno dice nada, no concreta nada\u00bb y \u00abpuede ser asumido por cualquier ciudadano\u00bb. Adem\u00e1s, ha considerado que Pedro S\u00e1nchez tiene que explicar \u00abpor qu\u00e9 ya no le preocupa que Pablo Iglesias o Podemos est\u00e9n en su gobierno\u00bb. La pol\u00edtica canaria ha justificado el cambio de posici\u00f3n de su partido en la necesidad de desbloquear la situaci\u00f3n pol\u00edtica pero ha mantenido un tono cr\u00edtico con el l\u00edder socialista, Pedro S\u00e1nchez, por no reunirse con el l\u00edder de la oposici\u00f3n, Pablo Casado, y los representantes de todos los dem\u00e1s partidos, y por buscar ahora solo un pacto de investidura y no de legislatura. Algo que, ha advertido, su partido nunca ha apoyado porque para que exista un pacto \u00abes necesario saber lo que se quiere hcer con el gobierno\u00bb. \u00abHablamos de la gobernabilidad\u00bb, ha reprochado, pidiendo al PSOE que busque un acuerdo que asegure un periodo de estabilidad aunque sea \u00abcorto\u00bb (dos a\u00f1os) y la negociaci\u00f3n se extienda. \u00abDe qu\u00e9 sirve tener una investidura y tener elecciones en cuatro meses?\u00bb, se ha preguntado. Oramas tambi\u00e9n se ha despachado con Podemos por las posiciones mantenidas en el pasado, en concreto su negativa a firmar el pacto antiterrorista o apoyar la aplicaci\u00f3n del art\u00edculo 155 en Catalu\u00f1a. A su juicio, la formaci\u00f3n morada se ha puesto \u00abpiel de cordero\u00bb para poder entrar en el Gobierno pero es necesario saber a qu\u00e9 posiciones va a renunciar y si est\u00e1 dispuesta a firmarlo. En este an\u00e1lisis, la pol\u00edtica canaria ha advertido igualmente a S\u00e1nchez sobre ERC considerando que Espa\u00f1a \u00abno puede depender\u00bb de una fuerza \u00abque le trae al pairo el pa\u00eds y su estabilidad\u00bb. En cuanto al contexto general de las negociaciones, se ha declarado \u00absorprendida y preocupada por el desarrollo de los acontecimientos\u00bb y porque \u00abcada d\u00eda y cada hora se producen declaraciones distintas\u00bb. A su juicio, durante la campa\u00f1a electoral los principales l\u00edderes no solo no tendieron puentes sino que abrieron las \u00abgrietas\u00bb que exist\u00edan entre ellos.<br \/>\nVia: <a href=\"https:\/\/www.abc.es\/espana\/abci-cambia-paso-y-abre-apoyar-gobierno-psoe-y-podemos-si-condiciones-201911221234_noticia.html\" target=\"_blank\">CC cambia el paso y se abre a apoyar un gobierno de PSOE y Podemos \u00absi se dan las condiciones\u00bb<\/a><\/p>\n","protected":false},"excerpt":{"rendered":"<p>La repetici\u00f3n electoral y la complicaci\u00f3n de la aritm\u00e9tica parlamentaria ha llevado a Coalici\u00f3n Canaria a modificar la posici\u00f3n que mantuvo tras el 28 de abril y abrirse ahora a apoyar un gobierno de coalici\u00f3n entre PSOE y Podemos \u00absi se dan las condiciones\u00bb. Tras la anterior cita electoral, la [&hellip;]<\/p>\n","protected":false},"author":2,"featured_media":120167,"comment_status":"open","ping_status":"closed","sticky":false,"template":"","format":"standard","meta":{"footnotes":""},"categories":[6],"tags":[],"class_list":["post-120166","post","type-post","status-publish","format-standard","has-post-thumbnail","hentry","category-spanish"],"_links":{"self":[{"href":"https:\/\/theworldwidejournal.com\/index.php?rest_route=\/wp\/v2\/posts\/120166","targetHints":{"allow":["GET"]}}],"collection":[{"href":"https:\/\/theworldwidejournal.com\/index.php?rest_route=\/wp\/v2\/posts"}],"about":[{"href":"https:\/\/theworldwidejournal.com\/index.php?rest_route=\/wp\/v2\/types\/post"}],"author":[{"embeddable":true,"href":"https:\/\/theworldwidejournal.com\/index.php?rest_route=\/wp\/v2\/users\/2"}],"replies":[{"embeddable":true,"href":"https:\/\/theworldwidejournal.com\/index.php?rest_route=%2Fwp%2Fv2%2Fcomments&post=120166"}],"version-history":[{"count":0,"href":"https:\/\/theworldwidejournal.com\/index.php?rest_route=\/wp\/v2\/posts\/120166\/revisions"}],"wp:featuredmedia":[{"embeddable":true,"href":"https:\/\/theworldwidejournal.com\/index.php?rest_route=\/wp\/v2\/media\/120167"}],"wp:attachment":[{"href":"https:\/\/theworldwidejournal.com\/index.php?rest_route=%2Fwp%2Fv2%2Fmedia&parent=120166"}],"wp:term":[{"taxonomy":"category","embeddable":true,"href":"https:\/\/theworldwidejournal.com\/index.php?rest_route=%2Fwp%2Fv2%2Fcategories&post=120166"},{"taxonomy":"post_tag","embeddable":true,"href":"https:\/\/theworldwidejournal.com\/index.php?rest_route=%2Fwp%2Fv2%2Ftags&post=120166"}],"curies":[{"name":"wp","href":"https:\/\/api.w.org\/{rel}","templated":true}]}}