{"id":120168,"date":"2019-11-22T11:24:45","date_gmt":"2019-11-22T10:24:45","guid":{"rendered":"https:\/\/theworldwidejournal.com\/2019\/11\/22\/el-alcalde-socialista-de-leon-apuesta-por-romper-castilla-y-leon\/"},"modified":"2019-11-22T11:24:45","modified_gmt":"2019-11-22T10:24:45","slug":"el-alcalde-socialista-de-leon-apuesta-por-romper-castilla-y-leon","status":"publish","type":"post","link":"https:\/\/theworldwidejournal.com\/?p=120168","title":{"rendered":"El alcalde socialista de Le\u00f3n apuesta por \u00abromper\u00bb Castilla y Le\u00f3n"},"content":{"rendered":"<p>El alcalde de Le\u00f3n, Jos\u00e9 Antonio Diez, ha reivindicado este viernes que \u00abLe\u00f3n tiene todo el derecho del mundo como reino hist\u00f3rico para tener una comunidad propia\u00bb. Durante la inauguraci\u00f3n de la Asamblea de Confederaci\u00f3n Empresarial de Veterinarios que se celebr\u00f3 en el hotel Conde Luna, el regidor abri\u00f3 la puerta a plantear, \u00absiempre dentro de la legalidad\u00bb, la posibilidad de que \u00abLe\u00f3n tenga su propia comunidad aut\u00f3noma\u00bb. En ese sentido, Diez subray\u00f3 que para dar ese paso es necesario \u00abbuscar la unidad de acci\u00f3n\u00bb y reclam\u00f3 la implicaci\u00f3n de agentes sociales y pol\u00edticos de las tres provincias integradas en el antiguo Reino -Le\u00f3n, Zamora y Salamanca-. \u00abCuando uno pelea solo es muy dif\u00edcil\u00bb, asegur\u00f3 el alcalde de la capital leonesa, que pidi\u00f3 dejar atr\u00e1s las \u00abquejas y lamentos\u00bb por las \u00abgrandes divergencias en el desarrollo\u00bb ocasionado por el encaje en la estructura auton\u00f3mica de Castilla y Le\u00f3n para abrir una nueva etapa. En la misma l\u00ednea, Diez consider\u00f3 que las dos opciones a las que se enfrenta el territorio pasan por \u00abseguir callados y sumisos\u00bb o \u00abreivindicar que Le\u00f3n ocupe el lugar que le corresponde en este pa\u00eds\u00bb. \u00abNunca es tarde\u00bb, remach\u00f3 el alcalde, que reiter\u00f3 que \u00abcuando las cosas no funcionan durante tantos a\u00f1os, Le\u00f3n tiene que alzar su voz y buscar alternativas para ser reconocida como se merece, es lo correcto y lo justo\u00bb. Identidad leonesa El jueves, en el programa \u00abLa Br\u00fajula\u00bb de Onda Cero, D\u00edez ya avanz\u00f3 que la independencia de Le\u00f3n es una batalla que no hay que dar \u00abnunca\u00bb por perdida, porque si en Espa\u00f1a hay una comunidad \u00abrealmente hist\u00f3rica\u00bb es el Reino de Le\u00f3n. \u00abNo es que nos sintamos en un sentido provincial, es que no queremos sentir ese sentido de Comunidad que nos han impuesto, en el que no se trabaj\u00f3 en la vertebraci\u00f3n del territorio, sino en un centralismo absurdo, hip\u00f3crita, que, adem\u00e1s, no ha llevado nada m\u00e1s que a la pobreza y a la despoblaci\u00f3n de un territorio tan importante como es este\u00bb, sentenci\u00f3. D\u00edez insisti\u00f3 en que \u00ablos leoneses no tenemos ninguna identidad con la Comunidad Aut\u00f3noma en la que nos encontramos ahora incluidos. Nos sentimos identificados con nuestra provincia, con nuestro territorio, con nuestra regi\u00f3n, la regi\u00f3n leonesa\u00bb, subray\u00f3.<br \/>\nVia: <a href=\"https:\/\/www.abc.es\/espana\/castilla-leon\/abci-alcalde-socialista-leon-apuesta-romper-castilla-y-leon-201911221124_noticia.html\" target=\"_blank\">El alcalde socialista de Le\u00f3n apuesta por \u00abromper\u00bb Castilla y Le\u00f3n<\/a><\/p>\n","protected":false},"excerpt":{"rendered":"<p>El alcalde de Le\u00f3n, Jos\u00e9 Antonio Diez, ha reivindicado este viernes que \u00abLe\u00f3n tiene todo el derecho del mundo como reino hist\u00f3rico para tener una comunidad propia\u00bb. Durante la inauguraci\u00f3n de la Asamblea de Confederaci\u00f3n Empresarial de Veterinarios que se celebr\u00f3 en el hotel Conde Luna, el regidor abri\u00f3 la [&hellip;]<\/p>\n","protected":false},"author":2,"featured_media":120169,"comment_status":"open","ping_status":"closed","sticky":false,"template":"","format":"standard","meta":{"footnotes":""},"categories":[6],"tags":[],"class_list":["post-120168","post","type-post","status-publish","format-standard","has-post-thumbnail","hentry","category-spanish"],"_links":{"self":[{"href":"https:\/\/theworldwidejournal.com\/index.php?rest_route=\/wp\/v2\/posts\/120168","targetHints":{"allow":["GET"]}}],"collection":[{"href":"https:\/\/theworldwidejournal.com\/index.php?rest_route=\/wp\/v2\/posts"}],"about":[{"href":"https:\/\/theworldwidejournal.com\/index.php?rest_route=\/wp\/v2\/types\/post"}],"author":[{"embeddable":true,"href":"https:\/\/theworldwidejournal.com\/index.php?rest_route=\/wp\/v2\/users\/2"}],"replies":[{"embeddable":true,"href":"https:\/\/theworldwidejournal.com\/index.php?rest_route=%2Fwp%2Fv2%2Fcomments&post=120168"}],"version-history":[{"count":0,"href":"https:\/\/theworldwidejournal.com\/index.php?rest_route=\/wp\/v2\/posts\/120168\/revisions"}],"wp:featuredmedia":[{"embeddable":true,"href":"https:\/\/theworldwidejournal.com\/index.php?rest_route=\/wp\/v2\/media\/120169"}],"wp:attachment":[{"href":"https:\/\/theworldwidejournal.com\/index.php?rest_route=%2Fwp%2Fv2%2Fmedia&parent=120168"}],"wp:term":[{"taxonomy":"category","embeddable":true,"href":"https:\/\/theworldwidejournal.com\/index.php?rest_route=%2Fwp%2Fv2%2Fcategories&post=120168"},{"taxonomy":"post_tag","embeddable":true,"href":"https:\/\/theworldwidejournal.com\/index.php?rest_route=%2Fwp%2Fv2%2Ftags&post=120168"}],"curies":[{"name":"wp","href":"https:\/\/api.w.org\/{rel}","templated":true}]}}