{"id":120191,"date":"2019-11-22T20:50:54","date_gmt":"2019-11-22T19:50:54","guid":{"rendered":"https:\/\/theworldwidejournal.com\/2019\/11\/22\/stele-du-marechal-juin-degradee-unissons-nous-face-aux-casseurs-de-memoire\/"},"modified":"2019-11-22T20:50:54","modified_gmt":"2019-11-22T19:50:54","slug":"stele-du-marechal-juin-degradee-unissons-nous-face-aux-casseurs-de-memoire","status":"publish","type":"post","link":"https:\/\/theworldwidejournal.com\/?p=120191","title":{"rendered":"\u00abSt\u00e8le du mar\u00e9chal Juin d\u00e9grad\u00e9e: unissons-nous face aux casseurs de m\u00e9moire!\u00bb"},"content":{"rendered":"<p>TRIBUNE &#8211; La secr\u00e9taire d\u2019\u00c9tat aupr\u00e8s de la ministre des Arm\u00e9es, Genevi\u00e8ve Darrieussecq, appelle les Fran\u00e7ais \u00e0 d\u00e9fendre leur m\u00e9moire collective apr\u00e8s la d\u00e9gradation du monument.<br \/>\nVia: <a href=\"https:\/\/www.lefigaro.fr\/vox\/societe\/stele-du-marechal-juin-degradee-unissons-nous-face-aux-casseurs-de-memoire-20191122\" target=\"_blank\">\u00abSt\u00e8le du mar\u00e9chal Juin d\u00e9grad\u00e9e: unissons-nous face aux casseurs de m\u00e9moire!\u00bb<\/a><\/p>\n","protected":false},"excerpt":{"rendered":"<p>TRIBUNE &#8211; La secr\u00e9taire d\u2019\u00c9tat aupr\u00e8s de la ministre des Arm\u00e9es, Genevi\u00e8ve Darrieussecq, appelle les Fran\u00e7ais \u00e0 d\u00e9fendre leur m\u00e9moire collective apr\u00e8s la d\u00e9gradation du monument. Via: \u00abSt\u00e8le du mar\u00e9chal Juin d\u00e9grad\u00e9e: unissons-nous face aux casseurs de m\u00e9moire!\u00bb<\/p>\n","protected":false},"author":2,"featured_media":0,"comment_status":"open","ping_status":"closed","sticky":false,"template":"","format":"standard","meta":{"footnotes":""},"categories":[4],"tags":[],"class_list":["post-120191","post","type-post","status-publish","format-standard","hentry","category-french"],"_links":{"self":[{"href":"https:\/\/theworldwidejournal.com\/index.php?rest_route=\/wp\/v2\/posts\/120191","targetHints":{"allow":["GET"]}}],"collection":[{"href":"https:\/\/theworldwidejournal.com\/index.php?rest_route=\/wp\/v2\/posts"}],"about":[{"href":"https:\/\/theworldwidejournal.com\/index.php?rest_route=\/wp\/v2\/types\/post"}],"author":[{"embeddable":true,"href":"https:\/\/theworldwidejournal.com\/index.php?rest_route=\/wp\/v2\/users\/2"}],"replies":[{"embeddable":true,"href":"https:\/\/theworldwidejournal.com\/index.php?rest_route=%2Fwp%2Fv2%2Fcomments&post=120191"}],"version-history":[{"count":0,"href":"https:\/\/theworldwidejournal.com\/index.php?rest_route=\/wp\/v2\/posts\/120191\/revisions"}],"wp:attachment":[{"href":"https:\/\/theworldwidejournal.com\/index.php?rest_route=%2Fwp%2Fv2%2Fmedia&parent=120191"}],"wp:term":[{"taxonomy":"category","embeddable":true,"href":"https:\/\/theworldwidejournal.com\/index.php?rest_route=%2Fwp%2Fv2%2Fcategories&post=120191"},{"taxonomy":"post_tag","embeddable":true,"href":"https:\/\/theworldwidejournal.com\/index.php?rest_route=%2Fwp%2Fv2%2Ftags&post=120191"}],"curies":[{"name":"wp","href":"https:\/\/api.w.org\/{rel}","templated":true}]}}