{"id":120228,"date":"2019-11-23T02:43:11","date_gmt":"2019-11-23T01:43:11","guid":{"rendered":"https:\/\/theworldwidejournal.com\/2019\/11\/23\/decretado-el-toque-de-queda-en-todo-bogota-tras-las-protestas-masivas\/"},"modified":"2019-11-23T02:43:11","modified_gmt":"2019-11-23T01:43:11","slug":"decretado-el-toque-de-queda-en-todo-bogota-tras-las-protestas-masivas","status":"publish","type":"post","link":"https:\/\/theworldwidejournal.com\/?p=120228","title":{"rendered":"Decretado el toque de queda en todo Bogot\u00e1 tras las protestas masivas"},"content":{"rendered":"<p>Bogot\u00e1 ha decretado el toque de queda a partir de las 21.00 (hora local) en toda la ciudad tras los actos vand\u00e1licos que se han producido en algunas zonas. El presidente de Colombia, Iv\u00e1n Duque, ha anunciado que sacar\u00e1 al Ej\u00e9rcito a las calles en patrullas mixtas con la polic\u00eda para garantizar el orden p\u00fablico.\u00a0Un d\u00eda despu\u00e9s de una enorme movilizaci\u00f3n en el pa\u00eds, la capital se dividi\u00f3 este viernes entre dos sonidos superpuestos: los cacerolazos de ciudadanos pac\u00edficos y los de las bombas aturdidoras de la polic\u00eda que se enfrentaron durante todo el d\u00eda a actos vand\u00e1licos y saqueos que causaron el caos, sobre todo, en el sur de la urbe.Seguir leyendo.<br \/>\nVia: <a href=\"https:\/\/elpais.com\/internacional\/2019\/11\/22\/america\/1574461911_239534.html#?ref=rss&#038;format=simple&#038;link=link\" target=\"_blank\">Decretado el toque de queda en todo Bogot\u00e1 tras las protestas masivas<\/a><\/p>\n","protected":false},"excerpt":{"rendered":"<p>Bogot\u00e1 ha decretado el toque de queda a partir de las 21.00 (hora local) en toda la ciudad tras los actos vand\u00e1licos que se han producido en algunas zonas. El presidente de Colombia, Iv\u00e1n Duque, ha anunciado que sacar\u00e1 al Ej\u00e9rcito a las calles en patrullas mixtas con la polic\u00eda [&hellip;]<\/p>\n","protected":false},"author":2,"featured_media":0,"comment_status":"open","ping_status":"closed","sticky":false,"template":"","format":"standard","meta":{"footnotes":""},"categories":[6],"tags":[],"class_list":["post-120228","post","type-post","status-publish","format-standard","hentry","category-spanish"],"_links":{"self":[{"href":"https:\/\/theworldwidejournal.com\/index.php?rest_route=\/wp\/v2\/posts\/120228","targetHints":{"allow":["GET"]}}],"collection":[{"href":"https:\/\/theworldwidejournal.com\/index.php?rest_route=\/wp\/v2\/posts"}],"about":[{"href":"https:\/\/theworldwidejournal.com\/index.php?rest_route=\/wp\/v2\/types\/post"}],"author":[{"embeddable":true,"href":"https:\/\/theworldwidejournal.com\/index.php?rest_route=\/wp\/v2\/users\/2"}],"replies":[{"embeddable":true,"href":"https:\/\/theworldwidejournal.com\/index.php?rest_route=%2Fwp%2Fv2%2Fcomments&post=120228"}],"version-history":[{"count":0,"href":"https:\/\/theworldwidejournal.com\/index.php?rest_route=\/wp\/v2\/posts\/120228\/revisions"}],"wp:attachment":[{"href":"https:\/\/theworldwidejournal.com\/index.php?rest_route=%2Fwp%2Fv2%2Fmedia&parent=120228"}],"wp:term":[{"taxonomy":"category","embeddable":true,"href":"https:\/\/theworldwidejournal.com\/index.php?rest_route=%2Fwp%2Fv2%2Fcategories&post=120228"},{"taxonomy":"post_tag","embeddable":true,"href":"https:\/\/theworldwidejournal.com\/index.php?rest_route=%2Fwp%2Fv2%2Ftags&post=120228"}],"curies":[{"name":"wp","href":"https:\/\/api.w.org\/{rel}","templated":true}]}}