{"id":120235,"date":"2019-11-23T00:42:51","date_gmt":"2019-11-22T23:42:51","guid":{"rendered":"https:\/\/theworldwidejournal.com\/2019\/11\/23\/el-alcalde-de-bogota-decreta-el-toque-de-queda-en-toda-la-ciudad\/"},"modified":"2019-11-23T00:42:51","modified_gmt":"2019-11-22T23:42:51","slug":"el-alcalde-de-bogota-decreta-el-toque-de-queda-en-toda-la-ciudad","status":"publish","type":"post","link":"https:\/\/theworldwidejournal.com\/?p=120235","title":{"rendered":"El alcalde de Bogot\u00e1 decreta el toque de queda en toda la ciudad"},"content":{"rendered":"<p>El alcalde de Bogot\u00e1, Enrique Pe\u00f1alosa, decret\u00f3 este viernes el toque de queda en toda la ciudad para contener los disturbios y saqueos por parte de manifestantes violentos, que se registraron tras la protesta masiva del jueves contra el Gobierno de Iv\u00e1n Duque. La decisi\u00f3n la adopt\u00f3 el alcalde Pe\u00f1alosa a petici\u00f3n del presidente colombiano, Iv\u00e1n Duque, quien argument\u00f3 que es para mantener la seguridad en la ciudad. \u00abLe he solicitado al alcalde de Bogot\u00e1 ,Enrique Penalosa, que apliquemos toque de queda en toda la ciudad, a partir de las 9 de la noche. Nuestro objetivo es garantizar la seguridad de todos los bogotanos\u00bb, escribi\u00f3 Duque en su cuenta de Twitter. La medida comenzar\u00e1 a regir a partir de las 21.00 locales (02.00 GMT del s\u00e1bado), aunque ni Duque ni Pe\u00f1alosa dijeron hasta que horas estar\u00e1 vigente. Inicialmente Pe\u00f1alosa hab\u00eda decretado el toque de queda en Bosa, Kennedy y Ciudad Bol\u00edvar a partir de las ocho de la noche. Seg\u00fan Pe\u00f1alosa, en esos tres barrios \u00abse han concentrado los actos delincuenciales en el d\u00eda de hoy\u00bb, lo que incluye saqueo de comercios y da\u00f1os a 79 autobuses del servicio p\u00fablico, que se suman a la destrucci\u00f3n el jueves de 76 estaciones del sistema de transporte Transmilenio. \u00abLamentablemente ha habido un vandalismo generalizado\u00bb, a\u00f1adi\u00f3 el alcalde, quien dijo que hay 4.000 soldados del Ej\u00e9rcito apoyando a unos 20.000 polic\u00edas en la vigilancia y mantenimiento del orden. Desde las primeras horas de la ma\u00f1ana manifestantes violentos bloquearon las principales estaciones de transporte p\u00fablico en el sur de la capital colombiana, preludio del caos que se desat\u00f3 horas m\u00e1s tarde en barrios como Patio Bonito, Molinos, Perdomo, Meissen y Tintal, que hacen parte de las localidades de Bosa, Kennedy y Ciudad Bol\u00edvar, as\u00ed como en la vecina Soacha, donde tambi\u00e9n se decret\u00f3 toque de queda. \u00abAqu\u00ed hay entonces unos delincuentes que quieren destruir nuestra democracia, que quieren destruir nuestra ciudad y que creen que van a lograrlo\u00bb, manifest\u00f3 el alcalde y asegur\u00f3 que hay 230 detenidos por esos hechos. Pe\u00f1alosa a\u00f1adi\u00f3 que los des\u00f3rdenes no son \u00abpor debilidad\u00bb de las autoridades sino por \u00abautocontrol\u00bb, que ha evitado muertes, pero advirti\u00f3 que nadie debe llamarse a enga\u00f1os porque la fuerza p\u00fablica no ha hecho \u00abuso de sus armas\u00bb. \u00abPero que quede claro, nuestra democracia y nuestra ciudad tienen como defenderse\u00bb, enfatiz\u00f3. Los des\u00f3rdenes en Bogot\u00e1 comenzaron en la tarde de ayer al concluir las manifestaciones contra la pol\u00edtica econ\u00f3mica y social del presidente colombiano, Iv\u00e1n Duque, y aunque remitieron durante la noche, se reanudaron esta ma\u00f1ana en el sur de la ciudad.<br \/>\nVia: <a href=\"https:\/\/www.abc.es\/internacional\/abci-alcalde-bogota-decreta-toque-queda-toda-ciudad-201911230042_noticia.html\" target=\"_blank\">El alcalde de Bogot\u00e1 decreta el toque de queda en toda la ciudad<\/a><\/p>\n","protected":false},"excerpt":{"rendered":"<p>El alcalde de Bogot\u00e1, Enrique Pe\u00f1alosa, decret\u00f3 este viernes el toque de queda en toda la ciudad para contener los disturbios y saqueos por parte de manifestantes violentos, que se registraron tras la protesta masiva del jueves contra el Gobierno de Iv\u00e1n Duque. La decisi\u00f3n la adopt\u00f3 el alcalde Pe\u00f1alosa [&hellip;]<\/p>\n","protected":false},"author":2,"featured_media":120236,"comment_status":"open","ping_status":"closed","sticky":false,"template":"","format":"standard","meta":{"footnotes":""},"categories":[6],"tags":[],"class_list":["post-120235","post","type-post","status-publish","format-standard","has-post-thumbnail","hentry","category-spanish"],"_links":{"self":[{"href":"https:\/\/theworldwidejournal.com\/index.php?rest_route=\/wp\/v2\/posts\/120235","targetHints":{"allow":["GET"]}}],"collection":[{"href":"https:\/\/theworldwidejournal.com\/index.php?rest_route=\/wp\/v2\/posts"}],"about":[{"href":"https:\/\/theworldwidejournal.com\/index.php?rest_route=\/wp\/v2\/types\/post"}],"author":[{"embeddable":true,"href":"https:\/\/theworldwidejournal.com\/index.php?rest_route=\/wp\/v2\/users\/2"}],"replies":[{"embeddable":true,"href":"https:\/\/theworldwidejournal.com\/index.php?rest_route=%2Fwp%2Fv2%2Fcomments&post=120235"}],"version-history":[{"count":0,"href":"https:\/\/theworldwidejournal.com\/index.php?rest_route=\/wp\/v2\/posts\/120235\/revisions"}],"wp:featuredmedia":[{"embeddable":true,"href":"https:\/\/theworldwidejournal.com\/index.php?rest_route=\/wp\/v2\/media\/120236"}],"wp:attachment":[{"href":"https:\/\/theworldwidejournal.com\/index.php?rest_route=%2Fwp%2Fv2%2Fmedia&parent=120235"}],"wp:term":[{"taxonomy":"category","embeddable":true,"href":"https:\/\/theworldwidejournal.com\/index.php?rest_route=%2Fwp%2Fv2%2Fcategories&post=120235"},{"taxonomy":"post_tag","embeddable":true,"href":"https:\/\/theworldwidejournal.com\/index.php?rest_route=%2Fwp%2Fv2%2Ftags&post=120235"}],"curies":[{"name":"wp","href":"https:\/\/api.w.org\/{rel}","templated":true}]}}