{"id":120241,"date":"2019-11-22T20:49:26","date_gmt":"2019-11-22T19:49:26","guid":{"rendered":"https:\/\/theworldwidejournal.com\/2019\/11\/22\/la-asociacion-de-escoltas-denuncia-a-podemos-y-a-su-extrabajadora-por-intrusismo\/"},"modified":"2019-11-22T20:49:26","modified_gmt":"2019-11-22T19:49:26","slug":"la-asociacion-de-escoltas-denuncia-a-podemos-y-a-su-extrabajadora-por-intrusismo","status":"publish","type":"post","link":"https:\/\/theworldwidejournal.com\/?p=120241","title":{"rendered":"La Asociaci\u00f3n de Escoltas denuncia a Podemos y a su extrabajadora por \u00abintrusismo\u00bb"},"content":{"rendered":"<p>La Asociaci\u00f3n de Escoltas ha interpuesto este viernes una denuncia ante la Unidad Central de Seguridad Privada (UCSP) de la Polic\u00eda contra Podemos y su extrabajadora por \u00abintrusismo profesional\u00bb. La exempleada demand\u00f3 a la formaci\u00f3n este verano alegando \u00abtrato laboral discriminatorio\u00bb por parte de la n\u00famero dos del partido, Irene Montero, y asegurando que hac\u00eda labores de escolta. \u00abLa contrataci\u00f3n directa de este tipo de servicio incumple de forma muy grave la Ley de Seguridad Privada 5\/2014 y consideramos de especial gravedad este comportamiento por parte de miembros del legislativo\u00bb, explica el organismo mediante una nota de prensa. Recuerdan adem\u00e1s que la norma proh\u00edbe la contrataci\u00f3n de personas no habilitadas por el Ministerio del Interior para realizar estas labores. La sanciones se encuentran entre los 30.000 y los 60.000 euros. Fuentes de Podemos aseguraron a ABC que la demandante nunca fue contratada como escolta. El partido explica que se trata de una trabajadora del equipo de log\u00edstica, que entre sus funciones ten\u00eda el \u00abacompa\u00f1amiento\u00bb y el transporte de dirigentes, que fue despedida por \u00abreducci\u00f3n de costes\u00bb. Insisten adem\u00e1s las mismas fuentes en que nunca sufri\u00f3 ning\u00fan tipo de abuso laboral y que la relaci\u00f3n finaliz\u00f3 en t\u00e9rminos ordinarios. Sin embargo, la exempleada explica en la denuncia que fue contratada para hacer \u00ablabores de escolta\u00bb y asegura que recibi\u00f3 un trato \u00abdiscriminatorio\u00bb de la n\u00famero dos de Podemos al pedirle realizar trabajos que exced\u00edan de sus competencias y horarios.<br \/>\nVia: <a href=\"https:\/\/www.abc.es\/espana\/abci-asociacion-escoltas-denuncia-podemos-y-extrabajadora-intrusismo-201911222049_noticia.html\" target=\"_blank\">La Asociaci\u00f3n de Escoltas denuncia a Podemos y a su extrabajadora por \u00abintrusismo\u00bb<\/a><\/p>\n","protected":false},"excerpt":{"rendered":"<p>La Asociaci\u00f3n de Escoltas ha interpuesto este viernes una denuncia ante la Unidad Central de Seguridad Privada (UCSP) de la Polic\u00eda contra Podemos y su extrabajadora por \u00abintrusismo profesional\u00bb. La exempleada demand\u00f3 a la formaci\u00f3n este verano alegando \u00abtrato laboral discriminatorio\u00bb por parte de la n\u00famero dos del partido, Irene [&hellip;]<\/p>\n","protected":false},"author":2,"featured_media":120242,"comment_status":"open","ping_status":"closed","sticky":false,"template":"","format":"standard","meta":{"footnotes":""},"categories":[6],"tags":[],"class_list":["post-120241","post","type-post","status-publish","format-standard","has-post-thumbnail","hentry","category-spanish"],"_links":{"self":[{"href":"https:\/\/theworldwidejournal.com\/index.php?rest_route=\/wp\/v2\/posts\/120241","targetHints":{"allow":["GET"]}}],"collection":[{"href":"https:\/\/theworldwidejournal.com\/index.php?rest_route=\/wp\/v2\/posts"}],"about":[{"href":"https:\/\/theworldwidejournal.com\/index.php?rest_route=\/wp\/v2\/types\/post"}],"author":[{"embeddable":true,"href":"https:\/\/theworldwidejournal.com\/index.php?rest_route=\/wp\/v2\/users\/2"}],"replies":[{"embeddable":true,"href":"https:\/\/theworldwidejournal.com\/index.php?rest_route=%2Fwp%2Fv2%2Fcomments&post=120241"}],"version-history":[{"count":0,"href":"https:\/\/theworldwidejournal.com\/index.php?rest_route=\/wp\/v2\/posts\/120241\/revisions"}],"wp:featuredmedia":[{"embeddable":true,"href":"https:\/\/theworldwidejournal.com\/index.php?rest_route=\/wp\/v2\/media\/120242"}],"wp:attachment":[{"href":"https:\/\/theworldwidejournal.com\/index.php?rest_route=%2Fwp%2Fv2%2Fmedia&parent=120241"}],"wp:term":[{"taxonomy":"category","embeddable":true,"href":"https:\/\/theworldwidejournal.com\/index.php?rest_route=%2Fwp%2Fv2%2Fcategories&post=120241"},{"taxonomy":"post_tag","embeddable":true,"href":"https:\/\/theworldwidejournal.com\/index.php?rest_route=%2Fwp%2Fv2%2Ftags&post=120241"}],"curies":[{"name":"wp","href":"https:\/\/api.w.org\/{rel}","templated":true}]}}