{"id":120293,"date":"2019-11-23T14:47:47","date_gmt":"2019-11-23T13:47:47","guid":{"rendered":"https:\/\/theworldwidejournal.com\/2019\/11\/23\/markus-soder-afd-will-zuruck-in-die-30er-jahre\/"},"modified":"2019-11-23T14:47:47","modified_gmt":"2019-11-23T13:47:47","slug":"markus-soder-afd-will-zuruck-in-die-30er-jahre","status":"publish","type":"post","link":"https:\/\/theworldwidejournal.com\/?p=120293","title":{"rendered":"Markus S\u00f6der: AfD will &quot;zur\u00fcck in die 30er Jahre&quot;"},"content":{"rendered":"<p>Bei seinemm Rundumschlag fand Markus S\u00f6der scharfe Worte f\u00fcr die AfD. W\u00e4hrend seiner Rede auf dem Parteitag der CDU teilte der CSU-Vorsitzende aber auch gegen die Gr\u00fcnen aus.<br \/>\nVia: <a href=\"https:\/\/www.welt.de\/politik\/deutschland\/video203759666\/CDU-Parteitag-in-Leipzig-Markus-Soeder-AfD-will-zurueck-in-die-30er-Jahre-Video.html\" target=\"_blank\">Markus S\u00f6der: AfD will &quot;zur\u00fcck in die 30er Jahre&quot;<\/a><\/p>\n","protected":false},"excerpt":{"rendered":"<p>Bei seinemm Rundumschlag fand Markus S\u00f6der scharfe Worte f\u00fcr die AfD. W\u00e4hrend seiner Rede auf dem Parteitag der CDU teilte der CSU-Vorsitzende aber auch gegen die Gr\u00fcnen aus. Via: Markus S\u00f6der: AfD will &quot;zur\u00fcck in die 30er Jahre&quot;<\/p>\n","protected":false},"author":2,"featured_media":0,"comment_status":"open","ping_status":"closed","sticky":false,"template":"","format":"standard","meta":{"footnotes":""},"categories":[5],"tags":[],"class_list":["post-120293","post","type-post","status-publish","format-standard","hentry","category-german"],"_links":{"self":[{"href":"https:\/\/theworldwidejournal.com\/index.php?rest_route=\/wp\/v2\/posts\/120293","targetHints":{"allow":["GET"]}}],"collection":[{"href":"https:\/\/theworldwidejournal.com\/index.php?rest_route=\/wp\/v2\/posts"}],"about":[{"href":"https:\/\/theworldwidejournal.com\/index.php?rest_route=\/wp\/v2\/types\/post"}],"author":[{"embeddable":true,"href":"https:\/\/theworldwidejournal.com\/index.php?rest_route=\/wp\/v2\/users\/2"}],"replies":[{"embeddable":true,"href":"https:\/\/theworldwidejournal.com\/index.php?rest_route=%2Fwp%2Fv2%2Fcomments&post=120293"}],"version-history":[{"count":0,"href":"https:\/\/theworldwidejournal.com\/index.php?rest_route=\/wp\/v2\/posts\/120293\/revisions"}],"wp:attachment":[{"href":"https:\/\/theworldwidejournal.com\/index.php?rest_route=%2Fwp%2Fv2%2Fmedia&parent=120293"}],"wp:term":[{"taxonomy":"category","embeddable":true,"href":"https:\/\/theworldwidejournal.com\/index.php?rest_route=%2Fwp%2Fv2%2Fcategories&post=120293"},{"taxonomy":"post_tag","embeddable":true,"href":"https:\/\/theworldwidejournal.com\/index.php?rest_route=%2Fwp%2Fv2%2Ftags&post=120293"}],"curies":[{"name":"wp","href":"https:\/\/api.w.org\/{rel}","templated":true}]}}