{"id":120302,"date":"2019-11-23T14:21:06","date_gmt":"2019-11-23T13:21:06","guid":{"rendered":"https:\/\/theworldwidejournal.com\/2019\/11\/23\/un-buque-mercante-encalla-en-la-costa-corunesa-tras-sufrir-un-incendio-en-la-sala-de-maquinas\/"},"modified":"2019-11-23T14:21:06","modified_gmt":"2019-11-23T13:21:06","slug":"un-buque-mercante-encalla-en-la-costa-corunesa-tras-sufrir-un-incendio-en-la-sala-de-maquinas","status":"publish","type":"post","link":"https:\/\/theworldwidejournal.com\/?p=120302","title":{"rendered":"Un buque mercante encalla en la costa coru\u00f1esa tras sufrir un incendio en la sala de m\u00e1quinas"},"content":{"rendered":"<p>El buque mercante Blue Star, de 129 metros de eslora, ha encallado a las 23.50 del viernes en la costa de Ares, un municipio gallego de 5.800 habitantes situado en la provincia de A Coru\u00f1a, en las R\u00edas Altas. En concreto, el barco ha quedado varado en la zona de As Mirandas, cercana a las playas de Barrosa y A Canteira, una zona pr\u00f3xima a unos islotes.\u00a0Un incendio en la sala de m\u00e1quinas dej\u00f3 al nav\u00edo, que anoche part\u00eda de la r\u00eda de Ares hacia A Coru\u00f1a,\u00a0a merced del viento y del oleaje, motivo por el que acab\u00f3 encallando en la costa, seg\u00fan han informado a la agencia Efe fuentes de Salvamento Mar\u00edtimo.\u00a0La tripulaci\u00f3n del buque, un quimiquero \u2014nombre que reciben en la jerga naval los barcos que se usan para transporte de productos qu\u00edmicos\u2014,\u00a0se encuentra a salvo a bordo del nav\u00edo, seg\u00fan han confirmado fuentes de Emergencias.\u00a0Seguir leyendo.<br \/>\nVia: <a href=\"https:\/\/elpais.com\/politica\/2019\/11\/23\/actualidad\/1574506061_917726.html#?ref=rss&#038;format=simple&#038;link=link\" target=\"_blank\">Un buque mercante encalla en la costa coru\u00f1esa tras sufrir un incendio en la sala de m\u00e1quinas<\/a><\/p>\n","protected":false},"excerpt":{"rendered":"<p>El buque mercante Blue Star, de 129 metros de eslora, ha encallado a las 23.50 del viernes en la costa de Ares, un municipio gallego de 5.800 habitantes situado en la provincia de A Coru\u00f1a, en las R\u00edas Altas. En concreto, el barco ha quedado varado en la zona de [&hellip;]<\/p>\n","protected":false},"author":2,"featured_media":0,"comment_status":"open","ping_status":"closed","sticky":false,"template":"","format":"standard","meta":{"footnotes":""},"categories":[6],"tags":[],"class_list":["post-120302","post","type-post","status-publish","format-standard","hentry","category-spanish"],"_links":{"self":[{"href":"https:\/\/theworldwidejournal.com\/index.php?rest_route=\/wp\/v2\/posts\/120302","targetHints":{"allow":["GET"]}}],"collection":[{"href":"https:\/\/theworldwidejournal.com\/index.php?rest_route=\/wp\/v2\/posts"}],"about":[{"href":"https:\/\/theworldwidejournal.com\/index.php?rest_route=\/wp\/v2\/types\/post"}],"author":[{"embeddable":true,"href":"https:\/\/theworldwidejournal.com\/index.php?rest_route=\/wp\/v2\/users\/2"}],"replies":[{"embeddable":true,"href":"https:\/\/theworldwidejournal.com\/index.php?rest_route=%2Fwp%2Fv2%2Fcomments&post=120302"}],"version-history":[{"count":0,"href":"https:\/\/theworldwidejournal.com\/index.php?rest_route=\/wp\/v2\/posts\/120302\/revisions"}],"wp:attachment":[{"href":"https:\/\/theworldwidejournal.com\/index.php?rest_route=%2Fwp%2Fv2%2Fmedia&parent=120302"}],"wp:term":[{"taxonomy":"category","embeddable":true,"href":"https:\/\/theworldwidejournal.com\/index.php?rest_route=%2Fwp%2Fv2%2Fcategories&post=120302"},{"taxonomy":"post_tag","embeddable":true,"href":"https:\/\/theworldwidejournal.com\/index.php?rest_route=%2Fwp%2Fv2%2Ftags&post=120302"}],"curies":[{"name":"wp","href":"https:\/\/api.w.org\/{rel}","templated":true}]}}