{"id":120304,"date":"2019-11-23T12:28:54","date_gmt":"2019-11-23T11:28:54","guid":{"rendered":"https:\/\/theworldwidejournal.com\/2019\/11\/23\/sanchez-vota-su-acuerdo-con-unidas-podemos-por-un-gobierno-estable-y-progresista\/"},"modified":"2019-11-23T12:28:54","modified_gmt":"2019-11-23T11:28:54","slug":"sanchez-vota-su-acuerdo-con-unidas-podemos-por-un-gobierno-estable-y-progresista","status":"publish","type":"post","link":"https:\/\/theworldwidejournal.com\/?p=120304","title":{"rendered":"S\u00e1nchez vota su acuerdo con Unidas Podemos por \u00abun Gobierno estable y progresista\u00bb"},"content":{"rendered":"<p>El secretario general del PSOE y presidente del Gobierno en funciones, Pedro S\u00e1nchez, ha votado este s\u00e1bado en la agrupaci\u00f3n de la formaci\u00f3n en Pozuelo de Alarc\u00f3n para avalar el acuerdo de Gobierno en coalici\u00f3n alcanzado con Unidas Podemos. Tras depositar su voto, S\u00e1nchez, que no ha hecho declaraciones a los periodistas, ha saludado a los militantes que se encontraban en la agrupaci\u00f3n del PSOE de Pozuelo de Alarc\u00f3n, se ha fotografiado con alguno de ellos y les ha animado a refrendar el acuerdo. Despu\u00e9s de participar en la consulta del PSOE, S\u00e1nchez, a trav\u00e9s de Twitter, ha animado a los militantes presentes a refrendar su acuerdo de gobierno con Unidas Podemos. \u00abHe votado para que Espa\u00f1a tenga un Gobierno estable y progresista, para ganar el futuro y seguir construyendo un pa\u00eds que no deje a nadie atr\u00e1s\u00bb, explic\u00f3.&lt;blockquote class=&#8221;twitter-tweet&#8221;&gt;&lt;p lang=&#8221;es&#8221; dir=&#8221;ltr&#8221;&gt;Acabo de votar en mi agrupaci\u00f3n. He votado para que Espa\u00f1a tenga un Gobierno estable y progresista, para ganar el futuro y seguir construyendo un pa\u00eds que no deje a nadie atr\u00e1s.&lt;br&gt;Hoy, la militancia del &lt;a href=&#8221;https:\/\/twitter.com\/PSOE?ref_src=twsrc%5Etfw&#8221;&gt;@PSOE&lt;\/a&gt; decide. &lt;a href=&#8221;https:\/\/twitter.com\/hashtag\/ParticipaPSOE?src=hash&amp;amp;ref_src=twsrc%5Etfw&#8221;&gt;#ParticipaPSOE&lt;\/a&gt; &lt;a href=&#8221;https:\/\/t.co\/kiC8lrGq36&#8243;&gt;pic.twitter.com\/kiC8lrGq36&lt;\/a&gt;&lt;\/p&gt;&amp;mdash; Pedro S\u00e1nchez (@sanchezcastejon) &lt;a href=&#8221;https:\/\/twitter.com\/sanchezcastejon\/status\/1198189091357184000?ref_src=twsrc%5Etfw&#8221;&gt;November 23, 2019&lt;\/a&gt;&lt;\/blockquote&gt; &lt;script async src=&#8221;https:\/\/platform.twitter.com\/widgets.js&#8221; charset=&#8221;utf-8&#8243;&gt;&lt;\/script&gt; El l\u00edder socialista lleg\u00f3 andando hasta la agrupaci\u00f3n sobre las 10.40 horas y en el exterior de la sede escuch\u00f3 alg\u00fan grito en su contra de algunas personas. En total, 178.600 militantes del PSOE, PSC y las Juventudes de las dos formaciones est\u00e1n llamados a avalar el preacuerdo para gobernar en coalici\u00f3n con Unidas Podemos en una consulta que se desarrolla desde este viernes y hasta las 20.00 horas del s\u00e1bado y cuyo resultado es vinculante. \u00ab\u00bfApoyas el acuerdo alcanzado entre el PSOE y Unidas Podemos para formar un Gobierno progresista de coalici\u00f3n?\u00bb, es la pregunta que deber\u00e1n contestar los participantes en la consulta marcando una &#8216;v&#8217; en la casilla en caso afirmativo o una cruz si su respuesta es negativa. Los militantes socialistas pueden votar presencialmente en sus respectivas agrupaciones este s\u00e1bado entre las 10:00 y las 20:00 horas, salvo las m\u00e1s peque\u00f1as que podr\u00e1n tener un horario reducido de, como m\u00ednimo, cuatro horas. Esta semana dirigentes de la c\u00fapula del partido cifraban el censo en m\u00e1s de 191.000 personas. Sin embargo, el dato definitivo es menor y se explica porque para poder participar en la consulta es preciso estar al corriente del pago de la cuota de afiliado. En torno a un 5% de los militantes no tiene domiciliada la cuota, de manera que, dependiendo de cuando hagan el ingreso, corren el riesgo de perder el derecho de voto si llevan m\u00e1s de tres meses sin abonar el pago, explican fuentes socialistas. Del dato global del censo, 17.315 afiliados pertenecen al PSC, en torno a 9.000 a las Juventudes Socialistas de Espa\u00f1a y un millar a las Juventudes Socialistas de Catalu\u00f1a.<br \/>\nVia: <a href=\"https:\/\/www.abc.es\/espana\/abci-sanchez-vota-acuerdo-unidas-podemos-gobierno-estable-y-progresista-201911231228_noticia.html\" target=\"_blank\">S\u00e1nchez vota su acuerdo con Unidas Podemos por \u00abun Gobierno estable y progresista\u00bb<\/a><\/p>\n","protected":false},"excerpt":{"rendered":"<p>El secretario general del PSOE y presidente del Gobierno en funciones, Pedro S\u00e1nchez, ha votado este s\u00e1bado en la agrupaci\u00f3n de la formaci\u00f3n en Pozuelo de Alarc\u00f3n para avalar el acuerdo de Gobierno en coalici\u00f3n alcanzado con Unidas Podemos. Tras depositar su voto, S\u00e1nchez, que no ha hecho declaraciones a [&hellip;]<\/p>\n","protected":false},"author":2,"featured_media":120305,"comment_status":"open","ping_status":"closed","sticky":false,"template":"","format":"standard","meta":{"footnotes":""},"categories":[6],"tags":[],"class_list":["post-120304","post","type-post","status-publish","format-standard","has-post-thumbnail","hentry","category-spanish"],"_links":{"self":[{"href":"https:\/\/theworldwidejournal.com\/index.php?rest_route=\/wp\/v2\/posts\/120304","targetHints":{"allow":["GET"]}}],"collection":[{"href":"https:\/\/theworldwidejournal.com\/index.php?rest_route=\/wp\/v2\/posts"}],"about":[{"href":"https:\/\/theworldwidejournal.com\/index.php?rest_route=\/wp\/v2\/types\/post"}],"author":[{"embeddable":true,"href":"https:\/\/theworldwidejournal.com\/index.php?rest_route=\/wp\/v2\/users\/2"}],"replies":[{"embeddable":true,"href":"https:\/\/theworldwidejournal.com\/index.php?rest_route=%2Fwp%2Fv2%2Fcomments&post=120304"}],"version-history":[{"count":0,"href":"https:\/\/theworldwidejournal.com\/index.php?rest_route=\/wp\/v2\/posts\/120304\/revisions"}],"wp:featuredmedia":[{"embeddable":true,"href":"https:\/\/theworldwidejournal.com\/index.php?rest_route=\/wp\/v2\/media\/120305"}],"wp:attachment":[{"href":"https:\/\/theworldwidejournal.com\/index.php?rest_route=%2Fwp%2Fv2%2Fmedia&parent=120304"}],"wp:term":[{"taxonomy":"category","embeddable":true,"href":"https:\/\/theworldwidejournal.com\/index.php?rest_route=%2Fwp%2Fv2%2Fcategories&post=120304"},{"taxonomy":"post_tag","embeddable":true,"href":"https:\/\/theworldwidejournal.com\/index.php?rest_route=%2Fwp%2Fv2%2Ftags&post=120304"}],"curies":[{"name":"wp","href":"https:\/\/api.w.org\/{rel}","templated":true}]}}