{"id":120308,"date":"2019-11-23T10:25:56","date_gmt":"2019-11-23T09:25:56","guid":{"rendered":"https:\/\/theworldwidejournal.com\/2019\/11\/23\/muchas-dificultades-para-remolcar-el-buque-encallado-en-ares-la-coruna\/"},"modified":"2019-11-23T10:25:56","modified_gmt":"2019-11-23T09:25:56","slug":"muchas-dificultades-para-remolcar-el-buque-encallado-en-ares-la-coruna","status":"publish","type":"post","link":"https:\/\/theworldwidejournal.com\/?p=120308","title":{"rendered":"Muchas dificultades para remolcar el buque encallado en Ares (La Coru\u00f1a)"},"content":{"rendered":"<p>La madrugada del viernes al s\u00e1bado, afectada de nuevo en Galicia por las malas condiciones meteorol\u00f3gicas, se ha visto sacudida por el encallamiento de un barco quimiquero de grandes dimensiones, 129 metros de eslora, frente a la costa de Ares, en la provincia de La Coru\u00f1a. &lt;blockquote class=&#8221;twitter-tweet&#8221;&gt;&lt;p lang=&#8221;es&#8221; dir=&#8221;ltr&#8221;&gt;V\u00cdDEO | As\u00ed ha quedado el barco encallado esta noche en la costa frente a Ares (La Coru\u00f1a) &amp;#55356;&amp;#57253;: Iago L\u00f3pez &lt;a href=&#8221;https:\/\/t.co\/4nWNUzEEO8&#8243;&gt;https:\/\/t.co\/4nWNUzEEO8&lt;\/a&gt; &lt;a href=&#8221;https:\/\/t.co\/q0GOJm5CH0&#8243;&gt;pic.twitter.com\/q0GOJm5CH0&lt;\/a&gt;&lt;\/p&gt;&amp;mdash; ABC_Galicia (@ABCenGalicia) &lt;a href=&#8221;https:\/\/twitter.com\/ABCenGalicia\/status\/1198213169560379392?ref_src=twsrc%5Etfw&#8221;&gt;November 23, 2019&lt;\/a&gt;&lt;\/blockquote&gt; &lt;script async src=&#8221;https:\/\/platform.twitter.com\/widgets.js&#8221; charset=&#8221;utf-8&#8243;&gt;&lt;\/script&gt; Un incendio en la sala de m\u00e1quinas fue lo que dej\u00f3 al barco a merced del viento y del oleaje, por lo que acab\u00f3 encallando en la costa, informan a Efe fuentes de Salvamento Mar\u00edtimo. Aunque este punto debe ser ahora confirmado por los t\u00e9cnicos, el subdirector general de Guardacostas de Galicia, Lino Sexto, afirma en conversaci\u00f3n con ABC que \u00abla chimenea tiene restos de humo\u00bb, aunque ha confirmado que ahora no se ve que \u00absalga humo\u00bb. \u00abTuvieron un problema de m\u00e1quina, se quedaron sin m\u00e1quina y al quedarse sin propulsi\u00f3n el barco qued\u00f3 a merced del viento y de la corriente\u00bb, detallan las fuentes consultadas por Efe. Fue en ese momento cuando el barco qued\u00f3 a la deriva, sin control, por lo que con los vientos del oeste fue arrastrado hacia el este y, dado que estaba saliendo de la r\u00eda de Ares, finalmente volvi\u00f3 a ella. El buque permanece sin carga, ya que pretend\u00eda recoger combustible en el puerto de A Coru\u00f1a, y es lo que ha evitado que el riesgo fuese \u00abmucho mayor\u00bb, explica el subdirector de Guardacostas, aunque se despleg\u00f3 un operativo especial para actuar ante posibles vertidos. La \u00fanica problem\u00e1tica podr\u00eda ser que se produjese alg\u00fan vertido del combustible que lleva en su interior la embarcaci\u00f3n, que cuenta con \u00ab60 toneladas de fuel y 45 de gasoil\u00bb, cuenta. La tripulaci\u00f3n del barco, con bandera de Malta, permanece en buen estado en el interior de la embarcaci\u00f3n, que colision\u00f3 sin carga en una zona de rocas. Ninguno de sus miembros result\u00f3 herido, ha indicado esta ma\u00f1ana el 112 Galicia. Con la pleamar han comenzado las maniobras para tratar de sacar el barco de la zona de rocas, unas maniobras que no han conseguido fructificar en este primer intento. Los cabos que conectan al barco con dos remolcadores rompieron. Se est\u00e1 realizando un segundo intento, pero la tarea no se produce en la mejor de las condiciones meteorol\u00f3gicas, informa Iago L\u00f3pez, algo que tambi\u00e9n recuerda Sexto, ya que \u00aben este momento est\u00e1n entrando olas bastante grandes por la r\u00eda que dificultan toda la operatibilidad, adem\u00e1s sopla el viento fuerte. Las condiciones no son las ideales\u00bb, remata. &lt;blockquote class=&#8221;twitter-tweet&#8221;&gt;&lt;p lang=&#8221;es&#8221; dir=&#8221;ltr&#8221;&gt;Comienzan las maniobras para tratar de sacar el barco&lt;br&gt;V\u00eddeo: Iago L\u00f3pez &lt;a href=&#8221;https:\/\/t.co\/CXpGTzFsPR&#8221;&gt;pic.twitter.com\/CXpGTzFsPR&lt;\/a&gt;&lt;\/p&gt;&amp;mdash; ABC_Galicia (@ABCenGalicia) &lt;a href=&#8221;https:\/\/twitter.com\/ABCenGalicia\/status\/1198219863677972480?ref_src=twsrc%5Etfw&#8221;&gt;November 23, 2019&lt;\/a&gt;&lt;\/blockquote&gt; &lt;script async src=&#8221;https:\/\/platform.twitter.com\/widgets.js&#8221; charset=&#8221;utf-8&#8243;&gt;&lt;\/script&gt; El departamento p\u00fablico de emergencias ha concretado que conoci\u00f3 los hechos gracias a una alerta de Salvamento Mar\u00edtimo. A continuaci\u00f3n, se desplazaron a la zona de As Mirandas, en las cercan\u00edas del n\u00facleo urbano aresano, un helic\u00f3ptero y varios remolcadores, que no pudieron avanzar en la resoluci\u00f3n del incidente por las adversas condiciones meteorol\u00f3gicas.<br \/>\nVia: <a href=\"https:\/\/www.abc.es\/espana\/galicia\/abci-incendio-sala-maquinas-dejo-quimiquero-encallado-merced-viento-201911231025_noticia.html\" target=\"_blank\">Muchas dificultades para remolcar el buque encallado en Ares (La Coru\u00f1a)<\/a><\/p>\n","protected":false},"excerpt":{"rendered":"<p>La madrugada del viernes al s\u00e1bado, afectada de nuevo en Galicia por las malas condiciones meteorol\u00f3gicas, se ha visto sacudida por el encallamiento de un barco quimiquero de grandes dimensiones, 129 metros de eslora, frente a la costa de Ares, en la provincia de La Coru\u00f1a. &lt;blockquote class=&#8221;twitter-tweet&#8221;&gt;&lt;p lang=&#8221;es&#8221; dir=&#8221;ltr&#8221;&gt;V\u00cdDEO [&hellip;]<\/p>\n","protected":false},"author":2,"featured_media":120309,"comment_status":"open","ping_status":"closed","sticky":false,"template":"","format":"standard","meta":{"footnotes":""},"categories":[6],"tags":[],"class_list":["post-120308","post","type-post","status-publish","format-standard","has-post-thumbnail","hentry","category-spanish"],"_links":{"self":[{"href":"https:\/\/theworldwidejournal.com\/index.php?rest_route=\/wp\/v2\/posts\/120308","targetHints":{"allow":["GET"]}}],"collection":[{"href":"https:\/\/theworldwidejournal.com\/index.php?rest_route=\/wp\/v2\/posts"}],"about":[{"href":"https:\/\/theworldwidejournal.com\/index.php?rest_route=\/wp\/v2\/types\/post"}],"author":[{"embeddable":true,"href":"https:\/\/theworldwidejournal.com\/index.php?rest_route=\/wp\/v2\/users\/2"}],"replies":[{"embeddable":true,"href":"https:\/\/theworldwidejournal.com\/index.php?rest_route=%2Fwp%2Fv2%2Fcomments&post=120308"}],"version-history":[{"count":0,"href":"https:\/\/theworldwidejournal.com\/index.php?rest_route=\/wp\/v2\/posts\/120308\/revisions"}],"wp:featuredmedia":[{"embeddable":true,"href":"https:\/\/theworldwidejournal.com\/index.php?rest_route=\/wp\/v2\/media\/120309"}],"wp:attachment":[{"href":"https:\/\/theworldwidejournal.com\/index.php?rest_route=%2Fwp%2Fv2%2Fmedia&parent=120308"}],"wp:term":[{"taxonomy":"category","embeddable":true,"href":"https:\/\/theworldwidejournal.com\/index.php?rest_route=%2Fwp%2Fv2%2Fcategories&post=120308"},{"taxonomy":"post_tag","embeddable":true,"href":"https:\/\/theworldwidejournal.com\/index.php?rest_route=%2Fwp%2Fv2%2Ftags&post=120308"}],"curies":[{"name":"wp","href":"https:\/\/api.w.org\/{rel}","templated":true}]}}