{"id":120312,"date":"2019-11-23T08:35:34","date_gmt":"2019-11-23T07:35:34","guid":{"rendered":"https:\/\/theworldwidejournal.com\/2019\/11\/23\/alerta-en-espana-por-los-fuertes-vientos-que-trae-la-borrasca-cecilia\/"},"modified":"2019-11-23T08:35:34","modified_gmt":"2019-11-23T07:35:34","slug":"alerta-en-espana-por-los-fuertes-vientos-que-trae-la-borrasca-cecilia","status":"publish","type":"post","link":"https:\/\/theworldwidejournal.com\/?p=120312","title":{"rendered":"Alerta en Espa\u00f1a por los fuertes vientos que trae la borrasca Cecilia"},"content":{"rendered":"<p>La Direcci\u00f3n General de Protecci\u00f3n Civil y Emergencias ha alertado por vientos fuertes de hasta 110 kil\u00f3metros por hora y por lluvias, que podr\u00edan acumular unos 80 litros por metro cuadrado en 12 horas que dejar\u00e1 la borrasca Cecilia este fin de semana. De acuerdo con las predicciones de la Agencia Estatal de Meteorolog\u00eda (AEMET) se esperan vientos fuertes, tanto en tierra como en la costa, en la Pen\u00ednsula, Baleares, Ceuta y Melilla. En concreto, los vientos se mantendr\u00e1n con especial fuerza en el \u00e1rea Mediterr\u00e1nea, con rachas cercanas a los 100 kil\u00f3metros por hroa en Almer\u00eda, Castell\u00f3n y Tarragona. Los vientos en las costas tambi\u00e9n ser\u00e1n muy intensos y el temporal mar\u00edtimo afectar\u00e1 al Cant\u00e1brico y al Mediterr\u00e1neo y tender\u00e1 a ir amainando en la jornada del domingo, que se restringir\u00e1 al noreste peninsular. Por ello, ante los vientos fuertes, Protecci\u00f3n Civil aconseja asegurar puertas, ventanas y todos aquellos objetos que puedan caer a la v\u00eda p\u00fablica, y alejarse de cornisas, \u00e1rboles, muros o edificaciones en construcci\u00f3n o gr\u00faas, as\u00ed como no subir a andamios sin las adecuadas medidas de protecci\u00f3n. A los conductores les recuerda que deben extremar las precauciones, especialmente en la salida de t\u00faneles, adelantamientos y cruce de veh\u00edculos pesados en carreteras de doble sentido y prestar especial atenci\u00f3n ante la posible presencia de obst\u00e1culos en la carretera. Frente a los fuertes vientos costeros, aconseja alejarse de la playa y de otros lugares bajos que puedan ser afectados por las elevadas mareas y oleajes que suelen generarse ante la intensidad de vientos fuertes. Tambi\u00e9n recomienda no estacionar los veh\u00edculos en zonas que puedan verse afectadas por el oleaje. Del mismo modo, recuerda que con el temporal el mar adquiere condiciones extraordinarias y puede arrastrar a las personas que est\u00e9n en sus proximidades, por lo que Protecci\u00f3n Civil pide no poner en riesgo la vida ante las im\u00e1genes espectaculares del fuerte oleaje. Por otro lado, ante las lluvias intensas, aconseja a los conductores que disminuyan la velocidad, extremen las precauciones y no se detengan en zonas donde pueda discurrir gran cantidad de agua. En caso de tener que viajar pide a los conductores que procuren circular preferentemente por carreteras principales y autopistas. En caso de tormentas s\u00fabitas y lluvias intensas, se debe tener en cuenta el lugar donde se aparcan los veh\u00edculos, ya que el r\u00e1pido ascenso del nivel de las aguas puede da\u00f1ar los veh\u00edculos aparcados sobre zonas inundables y, adem\u00e1s, arrastrarlos, provocando da\u00f1os a bienes ajenos e incluso obstaculizar el flujo natural de la corriente. En caso de que empiece a llover de manera torrencial, recuerda que existe riesgo de inundaci\u00f3n por lo que pide no atravesar con el veh\u00edculo ni a pie los tramos inundados porque desconoce lo que puede haber bajo el agua y aconseja localizar los puntos m\u00e1s altos de la zona y no tratar de salvar el autom\u00f3vil en medio de una inundaci\u00f3n. A quien se encuentre en el campo, recomienda alejarse de los r\u00edos, torrentes y zonas bajas de laderas y colinas, evitando atravesar vados inundados e, igualmente, dirigirse a los puntos m\u00e1s altos de la zona.No obstante, dado el dif\u00edcil pron\u00f3stico de los fen\u00f3menos tormentosos, Protecci\u00f3n Civil aconseja mantenerse informado en todo momento de la posible evoluci\u00f3n de los cambios meteorol\u00f3gicos.<br \/>\nVia: <a href=\"https:\/\/www.abc.es\/sociedad\/abci-alerta-espana-fuertes-vientos-trae-borrasca-cecilia-201911230835_noticia.html\" target=\"_blank\">Alerta en Espa\u00f1a por los fuertes vientos que trae la borrasca Cecilia<\/a><\/p>\n","protected":false},"excerpt":{"rendered":"<p>La Direcci\u00f3n General de Protecci\u00f3n Civil y Emergencias ha alertado por vientos fuertes de hasta 110 kil\u00f3metros por hora y por lluvias, que podr\u00edan acumular unos 80 litros por metro cuadrado en 12 horas que dejar\u00e1 la borrasca Cecilia este fin de semana. De acuerdo con las predicciones de la [&hellip;]<\/p>\n","protected":false},"author":2,"featured_media":120313,"comment_status":"open","ping_status":"closed","sticky":false,"template":"","format":"standard","meta":{"footnotes":""},"categories":[6],"tags":[],"class_list":["post-120312","post","type-post","status-publish","format-standard","has-post-thumbnail","hentry","category-spanish"],"_links":{"self":[{"href":"https:\/\/theworldwidejournal.com\/index.php?rest_route=\/wp\/v2\/posts\/120312","targetHints":{"allow":["GET"]}}],"collection":[{"href":"https:\/\/theworldwidejournal.com\/index.php?rest_route=\/wp\/v2\/posts"}],"about":[{"href":"https:\/\/theworldwidejournal.com\/index.php?rest_route=\/wp\/v2\/types\/post"}],"author":[{"embeddable":true,"href":"https:\/\/theworldwidejournal.com\/index.php?rest_route=\/wp\/v2\/users\/2"}],"replies":[{"embeddable":true,"href":"https:\/\/theworldwidejournal.com\/index.php?rest_route=%2Fwp%2Fv2%2Fcomments&post=120312"}],"version-history":[{"count":0,"href":"https:\/\/theworldwidejournal.com\/index.php?rest_route=\/wp\/v2\/posts\/120312\/revisions"}],"wp:featuredmedia":[{"embeddable":true,"href":"https:\/\/theworldwidejournal.com\/index.php?rest_route=\/wp\/v2\/media\/120313"}],"wp:attachment":[{"href":"https:\/\/theworldwidejournal.com\/index.php?rest_route=%2Fwp%2Fv2%2Fmedia&parent=120312"}],"wp:term":[{"taxonomy":"category","embeddable":true,"href":"https:\/\/theworldwidejournal.com\/index.php?rest_route=%2Fwp%2Fv2%2Fcategories&post=120312"},{"taxonomy":"post_tag","embeddable":true,"href":"https:\/\/theworldwidejournal.com\/index.php?rest_route=%2Fwp%2Fv2%2Ftags&post=120312"}],"curies":[{"name":"wp","href":"https:\/\/api.w.org\/{rel}","templated":true}]}}