{"id":120353,"date":"2019-11-24T00:50:15","date_gmt":"2019-11-23T23:50:15","guid":{"rendered":"https:\/\/theworldwidejournal.com\/2019\/11\/24\/hatte-mit-ihm-reden-sollen-jens-buchners-%e2%80%a049-tochter-erinnern-sich-an-ihren-papa\/"},"modified":"2019-11-24T00:50:15","modified_gmt":"2019-11-23T23:50:15","slug":"hatte-mit-ihm-reden-sollen-jens-buchners-%e2%80%a049-tochter-erinnern-sich-an-ihren-papa","status":"publish","type":"post","link":"https:\/\/theworldwidejournal.com\/?p=120353","title":{"rendered":"\u201eH\u00e4tte mit ihm reden sollen &#8230;\u201c &#8211; Jens B\u00fcchners (\u202049) T\u00f6chter erinnern sich an ihren Papa"},"content":{"rendered":"<p>Auch ein Jahr nach den Tod von Jens B\u00fcchner haben seine T\u00f6chter Jenny (27) und Jessica (23) aus erster Ehe mit der Vergangenheit zu k\u00e4mpfen.Foto: TVNOW \/ 99pro media<br \/>\nVia: <a href=\"https:\/\/www.bild.de\/unterhaltung\/tv\/tv\/jens-buechner-toechter-jenny-und-jessica-erinnern-sich-an-ihren-papa-66234204.bild.html?wtmc=ob.feed\" target=\"_blank\">\u201eH\u00e4tte mit ihm reden sollen &#8230;\u201c &#8211; Jens B\u00fcchners (\u202049) T\u00f6chter erinnern sich an ihren Papa<\/a><\/p>\n","protected":false},"excerpt":{"rendered":"<p>Auch ein Jahr nach den Tod von Jens B\u00fcchner haben seine T\u00f6chter Jenny (27) und Jessica (23) aus erster Ehe mit der Vergangenheit zu k\u00e4mpfen.Foto: TVNOW \/ 99pro media Via: \u201eH\u00e4tte mit ihm reden sollen &#8230;\u201c &#8211; Jens B\u00fcchners (\u202049) T\u00f6chter erinnern sich an ihren Papa<\/p>\n","protected":false},"author":2,"featured_media":120354,"comment_status":"open","ping_status":"closed","sticky":false,"template":"","format":"standard","meta":{"footnotes":""},"categories":[5],"tags":[],"class_list":["post-120353","post","type-post","status-publish","format-standard","has-post-thumbnail","hentry","category-german"],"_links":{"self":[{"href":"https:\/\/theworldwidejournal.com\/index.php?rest_route=\/wp\/v2\/posts\/120353","targetHints":{"allow":["GET"]}}],"collection":[{"href":"https:\/\/theworldwidejournal.com\/index.php?rest_route=\/wp\/v2\/posts"}],"about":[{"href":"https:\/\/theworldwidejournal.com\/index.php?rest_route=\/wp\/v2\/types\/post"}],"author":[{"embeddable":true,"href":"https:\/\/theworldwidejournal.com\/index.php?rest_route=\/wp\/v2\/users\/2"}],"replies":[{"embeddable":true,"href":"https:\/\/theworldwidejournal.com\/index.php?rest_route=%2Fwp%2Fv2%2Fcomments&post=120353"}],"version-history":[{"count":0,"href":"https:\/\/theworldwidejournal.com\/index.php?rest_route=\/wp\/v2\/posts\/120353\/revisions"}],"wp:featuredmedia":[{"embeddable":true,"href":"https:\/\/theworldwidejournal.com\/index.php?rest_route=\/wp\/v2\/media\/120354"}],"wp:attachment":[{"href":"https:\/\/theworldwidejournal.com\/index.php?rest_route=%2Fwp%2Fv2%2Fmedia&parent=120353"}],"wp:term":[{"taxonomy":"category","embeddable":true,"href":"https:\/\/theworldwidejournal.com\/index.php?rest_route=%2Fwp%2Fv2%2Fcategories&post=120353"},{"taxonomy":"post_tag","embeddable":true,"href":"https:\/\/theworldwidejournal.com\/index.php?rest_route=%2Fwp%2Fv2%2Ftags&post=120353"}],"curies":[{"name":"wp","href":"https:\/\/api.w.org\/{rel}","templated":true}]}}