{"id":120376,"date":"2019-11-24T00:13:53","date_gmt":"2019-11-23T23:13:53","guid":{"rendered":"https:\/\/theworldwidejournal.com\/2019\/11\/24\/el-coctel-de-descontento-en-colombia-acorrala-a-ivan-duque\/"},"modified":"2019-11-24T00:13:53","modified_gmt":"2019-11-23T23:13:53","slug":"el-coctel-de-descontento-en-colombia-acorrala-a-ivan-duque","status":"publish","type":"post","link":"https:\/\/theworldwidejournal.com\/?p=120376","title":{"rendered":"El c\u00f3ctel de descontento en Colombia acorrala a Iv\u00e1n Duque"},"content":{"rendered":"<p>Colombia se ha sumado, desde el jueves, a la ola de protestas que en las \u00faltimas semanas ha sacudido a diversos pa\u00edses de Sudam\u00e9rica. El caso colombiano es particular, pues los movimientos sociales han estado hist\u00f3ricamente eclipsados por el conflicto armado. Las razones del estallido de esta semana son diversas, pero han confluido a la hora de canalizar el descontento con el Gobierno de Iv\u00e1n Duque y la exigencia de unas reformas para paliar unas carencias que se arrastran desde hace d\u00e9cadas.Seguir leyendo.<br \/>\nVia: <a href=\"https:\/\/elpais.com\/internacional\/2019\/11\/23\/colombia\/1574531353_717268.html#?ref=rss&#038;format=simple&#038;link=link\" target=\"_blank\">El c\u00f3ctel de descontento en Colombia acorrala a Iv\u00e1n Duque<\/a><\/p>\n","protected":false},"excerpt":{"rendered":"<p>Colombia se ha sumado, desde el jueves, a la ola de protestas que en las \u00faltimas semanas ha sacudido a diversos pa\u00edses de Sudam\u00e9rica. El caso colombiano es particular, pues los movimientos sociales han estado hist\u00f3ricamente eclipsados por el conflicto armado. Las razones del estallido de esta semana son diversas, [&hellip;]<\/p>\n","protected":false},"author":2,"featured_media":0,"comment_status":"open","ping_status":"closed","sticky":false,"template":"","format":"standard","meta":{"footnotes":""},"categories":[6],"tags":[],"class_list":["post-120376","post","type-post","status-publish","format-standard","hentry","category-spanish"],"_links":{"self":[{"href":"https:\/\/theworldwidejournal.com\/index.php?rest_route=\/wp\/v2\/posts\/120376","targetHints":{"allow":["GET"]}}],"collection":[{"href":"https:\/\/theworldwidejournal.com\/index.php?rest_route=\/wp\/v2\/posts"}],"about":[{"href":"https:\/\/theworldwidejournal.com\/index.php?rest_route=\/wp\/v2\/types\/post"}],"author":[{"embeddable":true,"href":"https:\/\/theworldwidejournal.com\/index.php?rest_route=\/wp\/v2\/users\/2"}],"replies":[{"embeddable":true,"href":"https:\/\/theworldwidejournal.com\/index.php?rest_route=%2Fwp%2Fv2%2Fcomments&post=120376"}],"version-history":[{"count":0,"href":"https:\/\/theworldwidejournal.com\/index.php?rest_route=\/wp\/v2\/posts\/120376\/revisions"}],"wp:attachment":[{"href":"https:\/\/theworldwidejournal.com\/index.php?rest_route=%2Fwp%2Fv2%2Fmedia&parent=120376"}],"wp:term":[{"taxonomy":"category","embeddable":true,"href":"https:\/\/theworldwidejournal.com\/index.php?rest_route=%2Fwp%2Fv2%2Fcategories&post=120376"},{"taxonomy":"post_tag","embeddable":true,"href":"https:\/\/theworldwidejournal.com\/index.php?rest_route=%2Fwp%2Fv2%2Ftags&post=120376"}],"curies":[{"name":"wp","href":"https:\/\/api.w.org\/{rel}","templated":true}]}}