{"id":120377,"date":"2019-11-23T23:38:04","date_gmt":"2019-11-23T22:38:04","guid":{"rendered":"https:\/\/theworldwidejournal.com\/2019\/11\/23\/el-conductor-de-una-furgoneta-arrolla-a-un-grupo-de-ciclistas-en-palma-y-se-da-a-la-fuga\/"},"modified":"2019-11-23T23:38:04","modified_gmt":"2019-11-23T22:38:04","slug":"el-conductor-de-una-furgoneta-arrolla-a-un-grupo-de-ciclistas-en-palma-y-se-da-a-la-fuga","status":"publish","type":"post","link":"https:\/\/theworldwidejournal.com\/?p=120377","title":{"rendered":"El conductor de una furgoneta arrolla a un grupo de ciclistas en Palma y se da a la fuga"},"content":{"rendered":"<p>El conductor de una furgoneta se ha dado a la fuga este s\u00e1bado al mediod\u00eda tras arrollar a un grupo de cuatro ciclistas que circulaban por Palma. El veh\u00edculo ha impactado frontalmente contra uno de los ciclistas y luego ha atropellado a dos m\u00e1s. Dos de las v\u00edctimas han tenido que ser hospitalizadas, pero en principio sus heridas no revest\u00edan gravedad. El v\u00eddeo en el que se ve el accidente \u2014cedido por el diario \u00ab\u00daltima Hora\u00bb\u2014 ha sido grabado, precisamente, por uno de los ciclistas atropellados. V\u00eddeo del atropello del grupo de ciclistas, cedido por el diario \u00ab\u00daltima Hora\u00bb:&lt;iframe width=&#8221;560&#8243; height=&#8221;349&#8243; src=&#8221;https:\/\/www.youtube.com\/embed\/XtktvbB5xgA&#8221; frameborder=&#8221;0&#8243; allow=&#8221;accelerometer; autoplay; encrypted-media; gyroscope; picture-in-picture&#8221; allowfullscreen&gt;&lt;\/iframe&gt; El suceso ha tenido lugar en torno a la una y media del mediod\u00eda, en el denominado Camino de los Reyes, cerca de la barriada de La Vileta. Como se ha indicado, un grupo de ciclistas que pedaleaban por la zona han sido golpeados por una furgoneta blanca que, sorpresivamente, ha invadido el carril contrario. El conductor del veh\u00edculo no se ha detenido tras el atropello, pero varios testigos han conseguido apuntar la matr\u00edcula. Hasta el lugar se han desplazado de inmediato efectivos de la Polic\u00eda Nacional y de la Polic\u00eda Local, as\u00ed como varias ambulancias. Los heridos han sido trasladados r\u00e1pidamente a un centro sanitario pr\u00f3ximo, en donde han sido atendidos de las lesiones sufridas. Poco despu\u00e9s, la Guardia Civil ha encontrado la citada furgoneta estacionada en una calle de Santa Pon\u00e7a, en el municipio de Calvi\u00e1. Paralelamente, una mujer se ha presentado en los Juzgados centrales de Palma, ubicados en la V\u00eda Alemania, para responsabilizarse inicialmente del atropello. Sin embargo, al poco tiempo se ha podido comprobar que la mujer estaba encubriendo en realidad al hombre que realmente conduc\u00eda el veh\u00edculo. Por su parte, la Polic\u00eda Local ha iniciado la b\u00fasqueda del sospechoso, a quien presumiblemente se le imputar\u00e1n dos delitos, uno contra la seguridad en el tr\u00e1fico y otro por omisi\u00f3n del deber de socorro.<br \/>\nVia: <a href=\"https:\/\/www.abc.es\/espana\/baleares\/abci-conductor-furgoneta-arrolla-grupo-ciclistas-palma-y-fuga-201911232338_noticia.html\" target=\"_blank\">El conductor de una furgoneta arrolla a un grupo de ciclistas en Palma y se da a la fuga<\/a><\/p>\n","protected":false},"excerpt":{"rendered":"<p>El conductor de una furgoneta se ha dado a la fuga este s\u00e1bado al mediod\u00eda tras arrollar a un grupo de cuatro ciclistas que circulaban por Palma. El veh\u00edculo ha impactado frontalmente contra uno de los ciclistas y luego ha atropellado a dos m\u00e1s. Dos de las v\u00edctimas han tenido [&hellip;]<\/p>\n","protected":false},"author":2,"featured_media":120378,"comment_status":"open","ping_status":"closed","sticky":false,"template":"","format":"standard","meta":{"footnotes":""},"categories":[6],"tags":[],"class_list":["post-120377","post","type-post","status-publish","format-standard","has-post-thumbnail","hentry","category-spanish"],"_links":{"self":[{"href":"https:\/\/theworldwidejournal.com\/index.php?rest_route=\/wp\/v2\/posts\/120377","targetHints":{"allow":["GET"]}}],"collection":[{"href":"https:\/\/theworldwidejournal.com\/index.php?rest_route=\/wp\/v2\/posts"}],"about":[{"href":"https:\/\/theworldwidejournal.com\/index.php?rest_route=\/wp\/v2\/types\/post"}],"author":[{"embeddable":true,"href":"https:\/\/theworldwidejournal.com\/index.php?rest_route=\/wp\/v2\/users\/2"}],"replies":[{"embeddable":true,"href":"https:\/\/theworldwidejournal.com\/index.php?rest_route=%2Fwp%2Fv2%2Fcomments&post=120377"}],"version-history":[{"count":0,"href":"https:\/\/theworldwidejournal.com\/index.php?rest_route=\/wp\/v2\/posts\/120377\/revisions"}],"wp:featuredmedia":[{"embeddable":true,"href":"https:\/\/theworldwidejournal.com\/index.php?rest_route=\/wp\/v2\/media\/120378"}],"wp:attachment":[{"href":"https:\/\/theworldwidejournal.com\/index.php?rest_route=%2Fwp%2Fv2%2Fmedia&parent=120377"}],"wp:term":[{"taxonomy":"category","embeddable":true,"href":"https:\/\/theworldwidejournal.com\/index.php?rest_route=%2Fwp%2Fv2%2Fcategories&post=120377"},{"taxonomy":"post_tag","embeddable":true,"href":"https:\/\/theworldwidejournal.com\/index.php?rest_route=%2Fwp%2Fv2%2Ftags&post=120377"}],"curies":[{"name":"wp","href":"https:\/\/api.w.org\/{rel}","templated":true}]}}