{"id":120450,"date":"2019-11-24T14:22:14","date_gmt":"2019-11-24T13:22:14","guid":{"rendered":"https:\/\/theworldwidejournal.com\/2019\/11\/24\/montesinos-y-el-pp-exigen-a-sanchez-que-de-la-cara-tras-la-sentencia-de-los-ere-nadie-entiende-que-siga-escondido\/"},"modified":"2019-11-24T14:22:14","modified_gmt":"2019-11-24T13:22:14","slug":"montesinos-y-el-pp-exigen-a-sanchez-que-de-la-cara-tras-la-sentencia-de-los-ere-nadie-entiende-que-siga-escondido","status":"publish","type":"post","link":"https:\/\/theworldwidejournal.com\/?p=120450","title":{"rendered":"Montesinos y el PP exigen a S\u00e1nchez que \u00abd\u00e9 la cara\u00bb tras la sentencia de los ERE: \u00abNadie entiende que siga escondido\u00bb"},"content":{"rendered":"<p>El vicesecretario de Comunicaci\u00f3n del PP, Pablo Montesinos, ha criticado que tras la sentencia de los ERE, \u00abel caso de corrupci\u00f3n m\u00e1s importante y m\u00e1s grave de la historia de Espa\u00f1a\u00bb, el presidente del Gobierno en funciones y secretario general del PSOE, Pedro S\u00e1nchez, \u00abno ha tenido la dignidad de comparecer ante los medios de comunicaci\u00f3n, de dar la cara ante todos los espa\u00f1oles\u00bb. \u00abNadie entiende que siga callado, que siga escondido, que no d\u00e9 la cara como si no fuera con \u00e9l un caso que afecta al PSOE, al partido que dirige\u00bb, ha incidido Montesinos, que, adem\u00e1s, ha pedido a S\u00e1nchez que \u00abd\u00e9 la cara\u00bb y le ha exigido \u00abque depure responsabilidades pol\u00edticas y que las asuma\u00bb. Montesinos, en M\u00e1laga, ha recordado las palabras de S\u00e1nchez sobre \u00abquien calla otorga\u00bb y ha incidido en que los espa\u00f1oles \u00abse merecen un responsable del PSOE que d\u00e9 la cara ante un caso de corrupci\u00f3n que afecta directamente al PSOE\u00bb. \u00abHoy parece que nadie estaba en ese gobierno de los ERE, pero en ese gobierno estaba Susana D\u00edaz y estaban hoy ministros del Gobierno de S\u00e1nchez como Luis Planas, Mar\u00eda Jes\u00fas Montero y Carmen Calvo\u00bb, ha recordado Montesinos. A juicio de Montesinos, \u00abS\u00e1nchez con su silencio est\u00e1 faltando el respeto a absolutamente todos los espa\u00f1oles\u00bb y ha vuelto a decir a S\u00e1nchez que \u00abno vamos a aceptar dobles varas de medir\u00bb. \u00abNosotros exigimos a S\u00e1nchez que pida perd\u00f3n a todos los espa\u00f1oles porque es un caso que afecta directamente al partido que \u00e9l dirige\u00bb. \u00abNosotros emplazamos al jefe del Ejecutivo en funciones a que d\u00e9 la cara ya, sin m\u00e1s demora, porque hoy con su silencio est\u00e1 falt\u00e1ndole el respeto a todos los espa\u00f1oles\u00bb, ha advertido el vicesecretario de Comunicaci\u00f3n del PP, al tiempo que ha reiterado que \u00ablos espa\u00f1oles no se merecen un presidente del Gobierno en funciones que est\u00e9 escondido en el Palacio de la Moncloa\u00bb, ha concluido.<br \/>\nVia: <a href=\"https:\/\/www.abc.es\/espana\/abci-montesinos-y-pp-exigen-sanchez-cara-tras-sentencia-nadie-entiende-siga-escondido-201911241422_noticia.html\" target=\"_blank\">Montesinos y el PP exigen a S\u00e1nchez que \u00abd\u00e9 la cara\u00bb tras la sentencia de los ERE: \u00abNadie entiende que siga escondido\u00bb<\/a><\/p>\n","protected":false},"excerpt":{"rendered":"<p>El vicesecretario de Comunicaci\u00f3n del PP, Pablo Montesinos, ha criticado que tras la sentencia de los ERE, \u00abel caso de corrupci\u00f3n m\u00e1s importante y m\u00e1s grave de la historia de Espa\u00f1a\u00bb, el presidente del Gobierno en funciones y secretario general del PSOE, Pedro S\u00e1nchez, \u00abno ha tenido la dignidad de [&hellip;]<\/p>\n","protected":false},"author":2,"featured_media":120451,"comment_status":"open","ping_status":"closed","sticky":false,"template":"","format":"standard","meta":{"footnotes":""},"categories":[6],"tags":[],"class_list":["post-120450","post","type-post","status-publish","format-standard","has-post-thumbnail","hentry","category-spanish"],"_links":{"self":[{"href":"https:\/\/theworldwidejournal.com\/index.php?rest_route=\/wp\/v2\/posts\/120450","targetHints":{"allow":["GET"]}}],"collection":[{"href":"https:\/\/theworldwidejournal.com\/index.php?rest_route=\/wp\/v2\/posts"}],"about":[{"href":"https:\/\/theworldwidejournal.com\/index.php?rest_route=\/wp\/v2\/types\/post"}],"author":[{"embeddable":true,"href":"https:\/\/theworldwidejournal.com\/index.php?rest_route=\/wp\/v2\/users\/2"}],"replies":[{"embeddable":true,"href":"https:\/\/theworldwidejournal.com\/index.php?rest_route=%2Fwp%2Fv2%2Fcomments&post=120450"}],"version-history":[{"count":0,"href":"https:\/\/theworldwidejournal.com\/index.php?rest_route=\/wp\/v2\/posts\/120450\/revisions"}],"wp:featuredmedia":[{"embeddable":true,"href":"https:\/\/theworldwidejournal.com\/index.php?rest_route=\/wp\/v2\/media\/120451"}],"wp:attachment":[{"href":"https:\/\/theworldwidejournal.com\/index.php?rest_route=%2Fwp%2Fv2%2Fmedia&parent=120450"}],"wp:term":[{"taxonomy":"category","embeddable":true,"href":"https:\/\/theworldwidejournal.com\/index.php?rest_route=%2Fwp%2Fv2%2Fcategories&post=120450"},{"taxonomy":"post_tag","embeddable":true,"href":"https:\/\/theworldwidejournal.com\/index.php?rest_route=%2Fwp%2Fv2%2Ftags&post=120450"}],"curies":[{"name":"wp","href":"https:\/\/api.w.org\/{rel}","templated":true}]}}