{"id":12060,"date":"2017-10-22T19:48:50","date_gmt":"2017-10-22T17:48:50","guid":{"rendered":"https:\/\/theworldwidejournal.com\/2017\/10\/22\/miles-de-personas-protestan-en-berlin-contra-la-llegada-de-la-ultraderecha\/"},"modified":"2017-10-22T19:48:50","modified_gmt":"2017-10-22T17:48:50","slug":"miles-de-personas-protestan-en-berlin-contra-la-llegada-de-la-ultraderecha","status":"publish","type":"post","link":"https:\/\/theworldwidejournal.com\/?p=12060","title":{"rendered":"Miles de personas protestan en Berl\u00edn contra la llegada de la ultraderecha"},"content":{"rendered":"<p>Miles de personas se manifestaron este domingo en Berl\u00edn bajo el lema \u00abContra el odio y el racismo en el Bundestag\u00bb, a dos d\u00edas de la sesi\u00f3n constitutiva del nuevo Parlamento alem\u00e1n, en el que por primera vez en d\u00e9cadas volver\u00e1 a estar representada la ultraderecha. La protesta, que comenz\u00f3 en la Puerta de Brandeburgo, recorri\u00f3 el barrio gubernamental de Berl\u00edn pasando tambi\u00e9n junto al Bundestag, y acab\u00f3 en el punto de partida, con varios discursos y actuaciones musicales. Los participantes -12.000 seg\u00fan los organizadores, 10.000 inscritos, seg\u00fan la Polic\u00eda-, portaban todo tipo de banderas -de la Uni\u00f3n Europea, con los colores del arcoiris y de partidos como La Izquierda y Los Verdes-, y coreaban esl\u00f3ganes como \u00abAmor en lugar de odio\u00bb y \u00abWelcome refugees\u00bb (bienvenidos refugiados). Portaban pancartas con esl\u00f3ganes como \u00abSolidaridad en lugar de acoso ultraderechista\u00bb, \u00abTope 0 a los nazis en el Parlamento\u00bb, \u00abArriba contra el racismo\u00bb y \u00abMi voz contra el acoso\u00bb, pero tambi\u00e9n carteles directamente alusivos a la formaci\u00f3n ultraderechista Alternativa para Alemania (AfD). \u00abAlto a AfD\u00bb y \u00abNo a la colaboraci\u00f3n con AfD\u00bb, eran algunos de los lemas para protestar contra esta formaci\u00f3n, que desde su nacimiento en 2013 ha logrado entrar ya en c\u00e1maras regionales de 14 de los 16 Estados federados, as\u00ed como en el Parlamento federal, tras convertirse en la tercera fuerza m\u00e1s votada con el 12,6% de los votos en los comicios generales de septiembre. \u00abLa historia nos ha mostrado a d\u00f3nde puede llevar el odio y el racismo\u00bb \u00abAunque el resultado electoral me conmocion\u00f3 profundamente como solicitante de asilo que fui una vez, nuestra manifestaci\u00f3n no va dirigida contra la elecci\u00f3n democr\u00e1tica de AfD en el Bundestag\u00bb, se\u00f1alaba pocas horas antes del inicio de la marcha el impulsor de la misma, Ali Can, de la asociaci\u00f3n Paz intercultural y conocido por crear un \u00abtel\u00e9fono rojo para ciudadanos preocupados\u00bb. El director ejecutivo de la ONG Campact, Christoph Bautz, se\u00f1al\u00f3 que \u00ablo que no puede ser es que este partido traiga al Bundestag a ultraderechistas y nazis que quieren abolir\u00bb la democracia y el Estado de Derecho en Alemania. Su mensaje \u00abLa historia nos ha mostrado a d\u00f3nde puede llevar el odio y el racismo (&#8230;) Exijo a los diputados de cualquier orientaci\u00f3n a hacer igual que nosotros y defender los principios democr\u00e1ticos fundamentales\u00bb, afirm\u00f3, agreg\u00f3 Can. Christoph Schott, responsable de campa\u00f1a del movimiento civil Avaaz, consider\u00f3 que \u00abpersonas de todas las orientaciones pol\u00edticas, or\u00edgenes y edades han salido hoy a la calle para enviar un claro mensaje a todos los diputados: alzaos cuando el odio tome asiento en las bancas de Parlamento\u00bb.<br \/>\nVia: <a href=\"http:\/\/www.abc.es\/internacional\/abci-miles-personas-protestan-berlin-contra-llegada-ultraderecha-bundestag-201710221748_noticia.html\" target=\"_blank\">Miles de personas protestan en Berl\u00edn contra la llegada de la ultraderecha<\/a><\/p>\n","protected":false},"excerpt":{"rendered":"<p>Miles de personas se manifestaron este domingo en Berl\u00edn bajo el lema \u00abContra el odio y el racismo en el Bundestag\u00bb, a dos d\u00edas de la sesi\u00f3n constitutiva del nuevo Parlamento alem\u00e1n, en el que por primera vez en d\u00e9cadas volver\u00e1 a estar representada la ultraderecha. La protesta, que comenz\u00f3 [&hellip;]<\/p>\n","protected":false},"author":2,"featured_media":12061,"comment_status":"open","ping_status":"closed","sticky":false,"template":"","format":"standard","meta":{"footnotes":""},"categories":[6],"tags":[],"class_list":["post-12060","post","type-post","status-publish","format-standard","has-post-thumbnail","hentry","category-spanish"],"_links":{"self":[{"href":"https:\/\/theworldwidejournal.com\/index.php?rest_route=\/wp\/v2\/posts\/12060","targetHints":{"allow":["GET"]}}],"collection":[{"href":"https:\/\/theworldwidejournal.com\/index.php?rest_route=\/wp\/v2\/posts"}],"about":[{"href":"https:\/\/theworldwidejournal.com\/index.php?rest_route=\/wp\/v2\/types\/post"}],"author":[{"embeddable":true,"href":"https:\/\/theworldwidejournal.com\/index.php?rest_route=\/wp\/v2\/users\/2"}],"replies":[{"embeddable":true,"href":"https:\/\/theworldwidejournal.com\/index.php?rest_route=%2Fwp%2Fv2%2Fcomments&post=12060"}],"version-history":[{"count":0,"href":"https:\/\/theworldwidejournal.com\/index.php?rest_route=\/wp\/v2\/posts\/12060\/revisions"}],"wp:featuredmedia":[{"embeddable":true,"href":"https:\/\/theworldwidejournal.com\/index.php?rest_route=\/wp\/v2\/media\/12061"}],"wp:attachment":[{"href":"https:\/\/theworldwidejournal.com\/index.php?rest_route=%2Fwp%2Fv2%2Fmedia&parent=12060"}],"wp:term":[{"taxonomy":"category","embeddable":true,"href":"https:\/\/theworldwidejournal.com\/index.php?rest_route=%2Fwp%2Fv2%2Fcategories&post=12060"},{"taxonomy":"post_tag","embeddable":true,"href":"https:\/\/theworldwidejournal.com\/index.php?rest_route=%2Fwp%2Fv2%2Ftags&post=12060"}],"curies":[{"name":"wp","href":"https:\/\/api.w.org\/{rel}","templated":true}]}}