{"id":120699,"date":"2019-11-26T14:38:12","date_gmt":"2019-11-26T13:38:12","guid":{"rendered":"https:\/\/theworldwidejournal.com\/2019\/11\/26\/retraites-macron-convoque-des-ministres-et-les-responsables-de-la-majorite-a-lelysee\/"},"modified":"2019-11-26T14:38:12","modified_gmt":"2019-11-26T13:38:12","slug":"retraites-macron-convoque-des-ministres-et-les-responsables-de-la-majorite-a-lelysee","status":"publish","type":"post","link":"https:\/\/theworldwidejournal.com\/?p=120699","title":{"rendered":"Retraites : Macron convoque des ministres et les responsables de la majorit\u00e9 \u00e0 l&#039;\u00c9lys\u00e9e"},"content":{"rendered":"<p>INFO LE FIGARO &#8211; Le chef de l&#8217;\u00c9tat a organis\u00e9 ce mardi un d\u00e9jeuner pour une \u00abconsolidation et une r\u00e9affirmation politique\u00bb des objectifs de la r\u00e9forme.<br \/>\nVia: <a href=\"https:\/\/www.lefigaro.fr\/politique\/retraites-macron-convoque-des-ministres-et-les-responsables-de-la-majorite-a-l-elysee-20191126\" target=\"_blank\">Retraites : Macron convoque des ministres et les responsables de la majorit\u00e9 \u00e0 l&#039;\u00c9lys\u00e9e<\/a><\/p>\n","protected":false},"excerpt":{"rendered":"<p>INFO LE FIGARO &#8211; Le chef de l&#8217;\u00c9tat a organis\u00e9 ce mardi un d\u00e9jeuner pour une \u00abconsolidation et une r\u00e9affirmation politique\u00bb des objectifs de la r\u00e9forme. Via: Retraites : Macron convoque des ministres et les responsables de la majorit\u00e9 \u00e0 l&#039;\u00c9lys\u00e9e<\/p>\n","protected":false},"author":2,"featured_media":0,"comment_status":"open","ping_status":"closed","sticky":false,"template":"","format":"standard","meta":{"footnotes":""},"categories":[4],"tags":[],"class_list":["post-120699","post","type-post","status-publish","format-standard","hentry","category-french"],"_links":{"self":[{"href":"https:\/\/theworldwidejournal.com\/index.php?rest_route=\/wp\/v2\/posts\/120699","targetHints":{"allow":["GET"]}}],"collection":[{"href":"https:\/\/theworldwidejournal.com\/index.php?rest_route=\/wp\/v2\/posts"}],"about":[{"href":"https:\/\/theworldwidejournal.com\/index.php?rest_route=\/wp\/v2\/types\/post"}],"author":[{"embeddable":true,"href":"https:\/\/theworldwidejournal.com\/index.php?rest_route=\/wp\/v2\/users\/2"}],"replies":[{"embeddable":true,"href":"https:\/\/theworldwidejournal.com\/index.php?rest_route=%2Fwp%2Fv2%2Fcomments&post=120699"}],"version-history":[{"count":0,"href":"https:\/\/theworldwidejournal.com\/index.php?rest_route=\/wp\/v2\/posts\/120699\/revisions"}],"wp:attachment":[{"href":"https:\/\/theworldwidejournal.com\/index.php?rest_route=%2Fwp%2Fv2%2Fmedia&parent=120699"}],"wp:term":[{"taxonomy":"category","embeddable":true,"href":"https:\/\/theworldwidejournal.com\/index.php?rest_route=%2Fwp%2Fv2%2Fcategories&post=120699"},{"taxonomy":"post_tag","embeddable":true,"href":"https:\/\/theworldwidejournal.com\/index.php?rest_route=%2Fwp%2Fv2%2Ftags&post=120699"}],"curies":[{"name":"wp","href":"https:\/\/api.w.org\/{rel}","templated":true}]}}