{"id":120701,"date":"2019-11-26T14:31:51","date_gmt":"2019-11-26T13:31:51","guid":{"rendered":"https:\/\/theworldwidejournal.com\/2019\/11\/26\/mali-13-militaires-francais-meurent-lors-dun-accident-de-combat\/"},"modified":"2019-11-26T14:31:51","modified_gmt":"2019-11-26T13:31:51","slug":"mali-13-militaires-francais-meurent-lors-dun-accident-de-combat","status":"publish","type":"post","link":"https:\/\/theworldwidejournal.com\/?p=120701","title":{"rendered":"Mali : 13 militaires fran\u00e7ais meurent lors d\u2019un accident de combat"},"content":{"rendered":"<p>La ministre des Arm\u00e9es, Florence Parly, a indiqu\u00e9 qu&#8217;une c\u00e9r\u00e9monie se tiendrait \u00abdans les jours prochains\u00bb aux Invalides en hommage aux victimes.<br \/>\nVia: <a href=\"https:\/\/www.lefigaro.fr\/international\/mali-treize-militaires-francais-tues-dans-l-accident-de-deux-helicopteres-20191126\" target=\"_blank\">Mali : 13 militaires fran\u00e7ais meurent lors d\u2019un accident de combat<\/a><\/p>\n","protected":false},"excerpt":{"rendered":"<p>La ministre des Arm\u00e9es, Florence Parly, a indiqu\u00e9 qu&#8217;une c\u00e9r\u00e9monie se tiendrait \u00abdans les jours prochains\u00bb aux Invalides en hommage aux victimes. Via: Mali : 13 militaires fran\u00e7ais meurent lors d\u2019un accident de combat<\/p>\n","protected":false},"author":2,"featured_media":0,"comment_status":"open","ping_status":"closed","sticky":false,"template":"","format":"standard","meta":{"footnotes":""},"categories":[4],"tags":[],"class_list":["post-120701","post","type-post","status-publish","format-standard","hentry","category-french"],"_links":{"self":[{"href":"https:\/\/theworldwidejournal.com\/index.php?rest_route=\/wp\/v2\/posts\/120701","targetHints":{"allow":["GET"]}}],"collection":[{"href":"https:\/\/theworldwidejournal.com\/index.php?rest_route=\/wp\/v2\/posts"}],"about":[{"href":"https:\/\/theworldwidejournal.com\/index.php?rest_route=\/wp\/v2\/types\/post"}],"author":[{"embeddable":true,"href":"https:\/\/theworldwidejournal.com\/index.php?rest_route=\/wp\/v2\/users\/2"}],"replies":[{"embeddable":true,"href":"https:\/\/theworldwidejournal.com\/index.php?rest_route=%2Fwp%2Fv2%2Fcomments&post=120701"}],"version-history":[{"count":0,"href":"https:\/\/theworldwidejournal.com\/index.php?rest_route=\/wp\/v2\/posts\/120701\/revisions"}],"wp:attachment":[{"href":"https:\/\/theworldwidejournal.com\/index.php?rest_route=%2Fwp%2Fv2%2Fmedia&parent=120701"}],"wp:term":[{"taxonomy":"category","embeddable":true,"href":"https:\/\/theworldwidejournal.com\/index.php?rest_route=%2Fwp%2Fv2%2Fcategories&post=120701"},{"taxonomy":"post_tag","embeddable":true,"href":"https:\/\/theworldwidejournal.com\/index.php?rest_route=%2Fwp%2Fv2%2Ftags&post=120701"}],"curies":[{"name":"wp","href":"https:\/\/api.w.org\/{rel}","templated":true}]}}