{"id":120741,"date":"2019-11-26T14:13:17","date_gmt":"2019-11-26T13:13:17","guid":{"rendered":"https:\/\/theworldwidejournal.com\/2019\/11\/26\/el-pp-impide-el-cordon-sanitario-a-vox-en-la-mesa-del-congreso\/"},"modified":"2019-11-26T14:13:17","modified_gmt":"2019-11-26T13:13:17","slug":"el-pp-impide-el-cordon-sanitario-a-vox-en-la-mesa-del-congreso","status":"publish","type":"post","link":"https:\/\/theworldwidejournal.com\/?p=120741","title":{"rendered":"El PP impide el cord\u00f3n sanitario a Vox en la Mesa del Congreso"},"content":{"rendered":"<p>El PP rechaza negociar un cord\u00f3n sanitario que impida que Vox tenga representaci\u00f3n en la Mesa del Congreso, como proponen PSOE y Unidas Podemos. Los populares se niegan a excluir al partido de extrema derecha del m\u00e1ximo \u00f3rgano de direcci\u00f3n de la C\u00e1mara, como sucede en otros pa\u00edses europeos, ya que consideran que la formaci\u00f3n liderada por Santiago Abascal es \u201cconstitucionalista\u201d. Los socialistas exigen que el PP entre en el pacto, y est\u00e1n dispuestos a que los conservadores aumenten su representaci\u00f3n en la Mesa e incluso a que Ciudadanos -que tras el batacazo electoral del 10-N se quedar\u00eda fuera-, tuviera un puesto en el \u00f3rgano que califica, ordena y determina los debates y distribuye los medios materiales y humanos con que cuentan los grupos pol\u00edticos. Vox a\u00fan no ha iniciado la negociaci\u00f3n con PP y Cs.Seguir leyendo.<br \/>\nVia: <a href=\"https:\/\/elpais.com\/politica\/2019\/11\/25\/actualidad\/1574711294_537500.html#?ref=rss&#038;format=simple&#038;link=link\" target=\"_blank\">El PP impide el cord\u00f3n sanitario a Vox en la Mesa del Congreso<\/a><\/p>\n","protected":false},"excerpt":{"rendered":"<p>El PP rechaza negociar un cord\u00f3n sanitario que impida que Vox tenga representaci\u00f3n en la Mesa del Congreso, como proponen PSOE y Unidas Podemos. Los populares se niegan a excluir al partido de extrema derecha del m\u00e1ximo \u00f3rgano de direcci\u00f3n de la C\u00e1mara, como sucede en otros pa\u00edses europeos, ya [&hellip;]<\/p>\n","protected":false},"author":2,"featured_media":0,"comment_status":"open","ping_status":"closed","sticky":false,"template":"","format":"standard","meta":{"footnotes":""},"categories":[6],"tags":[],"class_list":["post-120741","post","type-post","status-publish","format-standard","hentry","category-spanish"],"_links":{"self":[{"href":"https:\/\/theworldwidejournal.com\/index.php?rest_route=\/wp\/v2\/posts\/120741","targetHints":{"allow":["GET"]}}],"collection":[{"href":"https:\/\/theworldwidejournal.com\/index.php?rest_route=\/wp\/v2\/posts"}],"about":[{"href":"https:\/\/theworldwidejournal.com\/index.php?rest_route=\/wp\/v2\/types\/post"}],"author":[{"embeddable":true,"href":"https:\/\/theworldwidejournal.com\/index.php?rest_route=\/wp\/v2\/users\/2"}],"replies":[{"embeddable":true,"href":"https:\/\/theworldwidejournal.com\/index.php?rest_route=%2Fwp%2Fv2%2Fcomments&post=120741"}],"version-history":[{"count":0,"href":"https:\/\/theworldwidejournal.com\/index.php?rest_route=\/wp\/v2\/posts\/120741\/revisions"}],"wp:attachment":[{"href":"https:\/\/theworldwidejournal.com\/index.php?rest_route=%2Fwp%2Fv2%2Fmedia&parent=120741"}],"wp:term":[{"taxonomy":"category","embeddable":true,"href":"https:\/\/theworldwidejournal.com\/index.php?rest_route=%2Fwp%2Fv2%2Fcategories&post=120741"},{"taxonomy":"post_tag","embeddable":true,"href":"https:\/\/theworldwidejournal.com\/index.php?rest_route=%2Fwp%2Fv2%2Ftags&post=120741"}],"curies":[{"name":"wp","href":"https:\/\/api.w.org\/{rel}","templated":true}]}}