{"id":120742,"date":"2019-11-26T14:12:40","date_gmt":"2019-11-26T13:12:40","guid":{"rendered":"https:\/\/theworldwidejournal.com\/2019\/11\/26\/denuncian-una-cumbre-de-paramilitares-en-venezuela-para-desestabilizar-iberoamerica\/"},"modified":"2019-11-26T14:12:40","modified_gmt":"2019-11-26T13:12:40","slug":"denuncian-una-cumbre-de-paramilitares-en-venezuela-para-desestabilizar-iberoamerica","status":"publish","type":"post","link":"https:\/\/theworldwidejournal.com\/?p=120742","title":{"rendered":"Denuncian una cumbre de paramilitares en Venezuela para desestabilizar Iberoam\u00e9rica"},"content":{"rendered":"<p>El comisionado de Seguridad e Inteligencia del gobierno interino de Juan Guaid\u00f3 en Venezuela ha denunciando que este mes el r\u00e9gimen de Nicol\u00e1s Maduro reuni\u00f3 en la base militar de Fuerte Tiuna en Caracas a diversos l\u00edderes de grupos paramilitares y pol\u00edticos de Am\u00e9rica Latina para coordinar planes para la desestabilizaci\u00f3n del continente promoviendo una \u00abguerra pol\u00edtica\u00bb por parte de una serie de movimientos de izquierda, en un contexto de protestas generalizadas en pa\u00edses democr\u00e1ticos como Chile y Colombia. Seg\u00fan explica a ABC Iv\u00e1n Simonovis, esta reuni\u00f3n se produjo despu\u00e9s de las protestas en Ecuador y Chile pero antes de las de Colombia. \u00abEl objetivo era potenciar algunas de las protestas que ya exist\u00edan, y cambiar el foco de inter\u00e9s en el continente para que la atenci\u00f3n deje de estar puesta en Venezuela\u00bb, dice el comisionado. \u00abEsto demuestra de nuevo el car\u00e1cter criminal del r\u00e9gimen de Nicol\u00e1s Maduro. Estos grupos est\u00e1n totalmente decididos a desestabilizar toda Am\u00e9rica Latina\u00bb, a\u00f1ade Simonovis. El diario \u00abEl Nuevo Herald\u00bb fue el primero en informar de esta reuni\u00f3n. Seg\u00fan Simonovis, invitaron a l\u00edderes insurgentes latinoamericanos el n\u00famero dos del r\u00e9gimen chavista, Diosdado Cabello; la vicepresidenta Delcy Rodr\u00edguez; su hermano, Jorge Rodr\u00edguez, y el jefe de la Direcci\u00f3n General de ContraInteligencia Militar (DGCIM), Iv\u00e1n Hern\u00e1ndez Dala. Entre los asistentes estaban el venezolano Valent\u00edn Santana, l\u00edder de la agrupaci\u00f3n venezolana Colectivo La Piedrita; el chileno H\u00e9ctor Llaitul, l\u00edder de la Coordinadora Arauco-Malleco, y el colombiano Hern\u00e1n Dar\u00edo Vel\u00e1squez Saldarriaga, alias \u00abEl Paisa Montero\u00bb, l\u00edder del grupo disidente de las Fuerzas Armadas Revolucionarias de Colombia (FARC) Simonovis ha explicado a ABC que hubo m\u00e1s asistentes de otros pa\u00edses pero prefiere no dar los nombres de momento. La seguridad de los asistentes al encuentro, mantenido a puerta cerrada, corri\u00f3 a cargo de la Casa Militar, encargada de proteger a Maduro. Fuerte Tiuna es sede, entre otros, del Ministerio para la Defensa, la Comandancia General del Ej\u00e9rcito, el C\u00edrculo Militar de Caracas, el Batall\u00f3n Bol\u00edvar, la residencia oficial de la vicepresidenta, adem\u00e1s de algunas dependencias de la academia militar de Venezuela. Simonovis vive asilado en Estados Unidos y trabaja como como enlace de Juan Guaid\u00f3 con las agencias de seguridad norteamericanas, incluidas la CIA y la antidroga DEA. Seg\u00fan explica, \u00abvisto que la izquierda perd\u00eda terreno en Am\u00e9rica Latina en elecciones recientes, el r\u00e9gimen decidi\u00f3 dar un apoyo para que esa izquierda perviva en modo de lucha pol\u00edtica, aprovechando la protesta\u00bb. Mantiene que no tiene datos de que esa reuni\u00f3n sea la causa del descontento social en Ecuador o Chile, pero s\u00ed cree que puede aprovecharse de las protestas para desestabilizar el continente. \u00abCabe recordar que el r\u00e9gimen de Maduro le conviene este descontento y las protestas en otros pa\u00edses. Cuando m\u00e1s se hable de otros sitios de Am\u00e9rica Latina menos se habla del r\u00e9gimen, que as\u00ed puede coger aire, ya que se encuentra en situaci\u00f3n cr\u00edtica, casi ahogado y desesperado por poder tomar aire\u00bb, a\u00f1ade Simonovis.<br \/>\nVia: <a href=\"https:\/\/www.abc.es\/internacional\/abci-denuncian-cumbre-paramilitares-venezuela-para-desestabilizar-iberoamerica-201911261412_noticia.html\" target=\"_blank\">Denuncian una cumbre de paramilitares en Venezuela para desestabilizar Iberoam\u00e9rica<\/a><\/p>\n","protected":false},"excerpt":{"rendered":"<p>El comisionado de Seguridad e Inteligencia del gobierno interino de Juan Guaid\u00f3 en Venezuela ha denunciando que este mes el r\u00e9gimen de Nicol\u00e1s Maduro reuni\u00f3 en la base militar de Fuerte Tiuna en Caracas a diversos l\u00edderes de grupos paramilitares y pol\u00edticos de Am\u00e9rica Latina para coordinar planes para la [&hellip;]<\/p>\n","protected":false},"author":2,"featured_media":120743,"comment_status":"open","ping_status":"closed","sticky":false,"template":"","format":"standard","meta":{"footnotes":""},"categories":[6],"tags":[],"class_list":["post-120742","post","type-post","status-publish","format-standard","has-post-thumbnail","hentry","category-spanish"],"_links":{"self":[{"href":"https:\/\/theworldwidejournal.com\/index.php?rest_route=\/wp\/v2\/posts\/120742","targetHints":{"allow":["GET"]}}],"collection":[{"href":"https:\/\/theworldwidejournal.com\/index.php?rest_route=\/wp\/v2\/posts"}],"about":[{"href":"https:\/\/theworldwidejournal.com\/index.php?rest_route=\/wp\/v2\/types\/post"}],"author":[{"embeddable":true,"href":"https:\/\/theworldwidejournal.com\/index.php?rest_route=\/wp\/v2\/users\/2"}],"replies":[{"embeddable":true,"href":"https:\/\/theworldwidejournal.com\/index.php?rest_route=%2Fwp%2Fv2%2Fcomments&post=120742"}],"version-history":[{"count":0,"href":"https:\/\/theworldwidejournal.com\/index.php?rest_route=\/wp\/v2\/posts\/120742\/revisions"}],"wp:featuredmedia":[{"embeddable":true,"href":"https:\/\/theworldwidejournal.com\/index.php?rest_route=\/wp\/v2\/media\/120743"}],"wp:attachment":[{"href":"https:\/\/theworldwidejournal.com\/index.php?rest_route=%2Fwp%2Fv2%2Fmedia&parent=120742"}],"wp:term":[{"taxonomy":"category","embeddable":true,"href":"https:\/\/theworldwidejournal.com\/index.php?rest_route=%2Fwp%2Fv2%2Fcategories&post=120742"},{"taxonomy":"post_tag","embeddable":true,"href":"https:\/\/theworldwidejournal.com\/index.php?rest_route=%2Fwp%2Fv2%2Ftags&post=120742"}],"curies":[{"name":"wp","href":"https:\/\/api.w.org\/{rel}","templated":true}]}}