{"id":120744,"date":"2019-11-26T13:42:24","date_gmt":"2019-11-26T12:42:24","guid":{"rendered":"https:\/\/theworldwidejournal.com\/2019\/11\/26\/podemos-ampara-una-consulta-popular-contra-la-monarquia-mientras-negocia-el-gobierno-con-sanchez\/"},"modified":"2019-11-26T13:42:24","modified_gmt":"2019-11-26T12:42:24","slug":"podemos-ampara-una-consulta-popular-contra-la-monarquia-mientras-negocia-el-gobierno-con-sanchez","status":"publish","type":"post","link":"https:\/\/theworldwidejournal.com\/?p=120744","title":{"rendered":"Podemos ampara una \u00abconsulta popular\u00bb contra la Monarqu\u00eda mientras negocia el Gobierno con S\u00e1nchez"},"content":{"rendered":"<p>La plataforma \u00abAdi\u00f3s Monarqu\u00eda, hola democracia\u00bb celebr\u00f3 un evento el pasado jueves en contra del Rey en el Auditorio Marcelino Camacho, en Madrid, al que se sumaron Unidas Podemos junto a otros colectivos de la izquierda republicana y de car\u00e1cter universitario como Refer\u00e9ndum URJC, Adi\u00f3s Monarqu\u00eda y Alcorc\u00f3n decide. Solo acudieron 150 personas. Sin embargo, insisten y promueven ahora una \u00abconsulta popular\u00bb el 9 de mayo apoyados en la plataforma \u00abConsulta Popular Estatal Monarqu\u00eda o Rep\u00fablica\u00bb. La plataforma Consulta Popular se cre\u00f3 el pasado 19 de octubre gracias a \u00abdiferentes colectivos y espacios unitarios\u00bb, explican en su p\u00e1gina web, con el objetivo de \u00aborganizar la convocatoria de una consulta democr\u00e1tica no vinculante para que el conjunto de la ciudadan\u00eda se pueda pronunciar y decidir sobre la forma de Estado\u00bb. Un referendo popular que Podemos suscribe. En un comunicado al que invitaban a las bases a participar en el evento del d\u00eda 22, Podemos ya defendi\u00f3 que los ciudadanos \u00abtengan la oportunidad de votar el tipo de modelo de Estado de nuestro pa\u00eds\u00bb. La consulta que promueven para el pr\u00f3ximo 9 de mayo no es vinculante ni tiene validez jur\u00eddica, pero es una herramienta de presi\u00f3n institucional en un momento en el que, si todo sigue su curso natural, Pablo Iglesias ser\u00eda vicepresidente del Gobierno del Pedro S\u00e1nchez. El colectivo Rebeld\u00eda, el espacio joven de Podemos, y personalidades de relevancia de Unidas Podemos apoyaron abiertamente el acto del jueves y suscriben la convocatoria de estas urnas artificiales. Por su parte, el l\u00edder de Podemos evita pronunciarse al respecto para que ninguna declaraci\u00f3n afecte a las actuales negociaciones que mantiene con el PSOE para configurar el Gobierno bicolor. Un cambio en su discurso relevante en cinco a\u00f1os: de pedir romper en 2014 \u00abel candado del 78\u00bb a defender que la Constituci\u00f3n es la \u00abmejor vacuna contra la extrema derecha\u00bb la semana pasada.<br \/>\nVia: <a href=\"https:\/\/www.abc.es\/espana\/abci-podemos-ampara-consulta-popular-contra-monarquia-mientras-negocia-gobierno-sanchez-201911261342_noticia.html\" target=\"_blank\">Podemos ampara una \u00abconsulta popular\u00bb contra la Monarqu\u00eda mientras negocia el Gobierno con S\u00e1nchez<\/a><\/p>\n","protected":false},"excerpt":{"rendered":"<p>La plataforma \u00abAdi\u00f3s Monarqu\u00eda, hola democracia\u00bb celebr\u00f3 un evento el pasado jueves en contra del Rey en el Auditorio Marcelino Camacho, en Madrid, al que se sumaron Unidas Podemos junto a otros colectivos de la izquierda republicana y de car\u00e1cter universitario como Refer\u00e9ndum URJC, Adi\u00f3s Monarqu\u00eda y Alcorc\u00f3n decide. Solo [&hellip;]<\/p>\n","protected":false},"author":2,"featured_media":120745,"comment_status":"open","ping_status":"closed","sticky":false,"template":"","format":"standard","meta":{"footnotes":""},"categories":[6],"tags":[],"class_list":["post-120744","post","type-post","status-publish","format-standard","has-post-thumbnail","hentry","category-spanish"],"_links":{"self":[{"href":"https:\/\/theworldwidejournal.com\/index.php?rest_route=\/wp\/v2\/posts\/120744","targetHints":{"allow":["GET"]}}],"collection":[{"href":"https:\/\/theworldwidejournal.com\/index.php?rest_route=\/wp\/v2\/posts"}],"about":[{"href":"https:\/\/theworldwidejournal.com\/index.php?rest_route=\/wp\/v2\/types\/post"}],"author":[{"embeddable":true,"href":"https:\/\/theworldwidejournal.com\/index.php?rest_route=\/wp\/v2\/users\/2"}],"replies":[{"embeddable":true,"href":"https:\/\/theworldwidejournal.com\/index.php?rest_route=%2Fwp%2Fv2%2Fcomments&post=120744"}],"version-history":[{"count":0,"href":"https:\/\/theworldwidejournal.com\/index.php?rest_route=\/wp\/v2\/posts\/120744\/revisions"}],"wp:featuredmedia":[{"embeddable":true,"href":"https:\/\/theworldwidejournal.com\/index.php?rest_route=\/wp\/v2\/media\/120745"}],"wp:attachment":[{"href":"https:\/\/theworldwidejournal.com\/index.php?rest_route=%2Fwp%2Fv2%2Fmedia&parent=120744"}],"wp:term":[{"taxonomy":"category","embeddable":true,"href":"https:\/\/theworldwidejournal.com\/index.php?rest_route=%2Fwp%2Fv2%2Fcategories&post=120744"},{"taxonomy":"post_tag","embeddable":true,"href":"https:\/\/theworldwidejournal.com\/index.php?rest_route=%2Fwp%2Fv2%2Ftags&post=120744"}],"curies":[{"name":"wp","href":"https:\/\/api.w.org\/{rel}","templated":true}]}}