{"id":120750,"date":"2019-11-26T12:49:50","date_gmt":"2019-11-26T11:49:50","guid":{"rendered":"https:\/\/theworldwidejournal.com\/2019\/11\/26\/socialistas-e-intelectuales-alertan-sobre-el-gravisimo-error-politico-del-pacto-psoe-podemos\/"},"modified":"2019-11-26T12:49:50","modified_gmt":"2019-11-26T11:49:50","slug":"socialistas-e-intelectuales-alertan-sobre-el-gravisimo-error-politico-del-pacto-psoe-podemos","status":"publish","type":"post","link":"https:\/\/theworldwidejournal.com\/?p=120750","title":{"rendered":"Socialistas e intelectuales alertan sobre el \u00abgrav\u00edsimo error pol\u00edtico\u00bb del pacto PSOE-Podemos"},"content":{"rendered":"<p>Destacados socialistas como Nicol\u00e1s Redondo, Jos\u00e9 Rodr\u00edguez de la Borbolla, Joaqu\u00edn Leguina o Francisco V\u00e1zquez, as\u00ed como intelectuales y representantes de la sociedad civil han denunciado el \u00abgrav\u00edsimo error pol\u00edtico\u00bb y la \u00abirresponsabilidad que pondr\u00eda en riesgo nuestras libertades y la convivencia ciudadana\u00bb, si se consuma el pacto PSOE-Podemos, con el apoyo de ERC. [Lee aqu\u00ed el manifiesto completo (PDF)] Este grupo cr\u00edtico con este pacto de izquierda ha hecho p\u00fablico esta ma\u00f1ana el manifiesto \u00abCarta a los espa\u00f1oles\u00bb haciendo una llamada al PSOE, PP y Ciudadanos para que negocien una coalici\u00f3n de gobierno o un pacto parlamentario\u00bb que impida que se consume un acuerdo que no va a conseguir \u00abque cicatrices las heridas recientes\u00bb. En el documento se afirma que este acto es \u00abla quiebra de los consensos sobre cuestiones de Estado entre los partidos pol\u00edticos nacionales la que otorga la ilusi\u00f3n y esperanza a los nacionalistas perif\u00e9ricos, otorgando credibilidad a lo que es imposible\u00bb. Igualmente, se\u00f1ala que, en estos momentos, \u00abun gobierno que represente solo a una mitad del pa\u00eds no estar\u00e1 en condiciones de realizar las reformas imprescindibles para encarar el futuro, ni conseguir\u00e1 que cicatricen las heridas recientes. No lo estar\u00e1 un gobierno formado exclusivamente por el PSOE y Podemos\u00bb. Trincheras A\u00fan m\u00e1s, subrayan que \u00abla situaci\u00f3n empeora si consideramos que el gobierno que se prefigura habr\u00e1 de contar, para cada paso, con la aprobaci\u00f3n de fuerzas independentistas, que no disimulan el objetivo de destruir nuestro devenir democr\u00e1tico com\u00fan, amparado en la Constituci\u00f3n\u00bb. Los 50 firmantes de la carta creen que \u00abes el momento de exigir que se abra una fase de colaboraci\u00f3n constitucionalista y transversal, que sit\u00fae la pol\u00edtica espa\u00f1ola en posiciones moderadas, alejada de los extremismos sectarios. Tras a\u00f1os de tremendismo verbal, de exageraciones partidistas, debemos propugnar el sosiego\u00bb. Redondo Terreros ha advertido que este pacto va a abrir \u00abtrincheras\u00bb y pidi\u00f3 que \u00abno nos hagan comulgar con ruedas de molino\u00bb. Especialmente cr\u00edtico con este acuerdo se mostr\u00f3 el exministro C\u00e9sar Antonio Molina que alert\u00f3 sobre \u00abel peligro en que se encuentra la democracia y la estabilidad del propio pa\u00eds\u00bb. A su juicio, \u00abno somos conscientes del momento hist\u00f3rico en que nos encontramos. Un momento en el que nos la jugamos\u00bb El exministro lleg\u00f3 a decir que est\u00e1 en riesgo \u00abla pervivencia de nuestro pa\u00eds. No hemos llegado a la violencia, pero estamos a las puertas de una balcanizaci\u00f3n de la pen\u00ednsula ib\u00e9rica \u00bfPor qu\u00e9 motivos se le va a conceder algo a alguien y no a los dem\u00e1s?\u00bb Molina afirm\u00f3 que esta carta est\u00e1 dirigida a todos los espa\u00f1oles, a los que se les quiere decir: \u00abLa democracia est\u00e1 en peligro, t\u00fa tienes que salir a salvarla y si no, prep\u00e1rate para lo que puede venir, que va a ser grave\u00bb. Carta a los espa\u00f1oles \u00abEspa\u00f1a se encuentra en un momento grave. La gesti\u00f3n del resultado de las elecciones generales del 10 de noviembre muestra una sociedad a la que se divide y tensiona por razones estrictamente partidistas m\u00e1s que por motivos pol\u00edticos de calado. Al rechazo que genera el proceder de nuestros dirigentes, se a\u00f1ade el cuadro de una representaci\u00f3n parlamentaria m\u00e1s fragmentada donde prosperan los extremismos. Sepamos que caben otras opciones distintas de las que nos ofrecen y tengamos en cuenta que seg\u00fan c\u00f3mo se despejen las inc\u00f3gnitas de la actual ecuaci\u00f3n pol\u00edtica, arriesgar\u00edamos cuanto hemos logrado durante las \u00faltimas d\u00e9cadas que bien merece ser defendido. Con errores y aciertos, vivimos el periodo de progreso social y econ\u00f3mico m\u00e1s brillante de nuestra reciente historia y con la Constituci\u00f3n, nuestra casa com\u00fan, recuperamos las libertades y alcanzamos a la m\u00e1xima dignidad, porque la ley nos hace a todos libres e iguales. Adem\u00e1s, procedimos a una redistribuci\u00f3n territorial del poder pol\u00edtico sin parang\u00f3n en nuestra historia ni en los pa\u00edses de nuestro entorno. Obtuvimos por derecho y m\u00e9rito propios un lugar relevante en la Uni\u00f3n Europa y una influencia considerable en la comunidad internacional. Si alguien pensara que estos consensos, fr\u00edvolamente despreciados por algunos, pueden romperse unilateralmente se equivocar\u00eda. Porque constituyen una historia de \u00e9xito que merece ser defendida, m\u00e1s a\u00fan cuando nadie plantea alternativa mejor. A los retos que tenemos como sociedad (desigualdad, precariedad laboral, disminuci\u00f3n de la productividad del tejido empresarial, educaci\u00f3n, transici\u00f3n ecol\u00f3gica, natalidad) se suman acuciantes problemas que nos interpelan como comunidad: polarizaci\u00f3n pol\u00edtica y disgregaci\u00f3n territorial. Polarizaci\u00f3n exacerbada por la pasi\u00f3n sectaria que antagoniza a las expresiones pol\u00edticas de izquierda y derecha. Disgregaci\u00f3n, por cuanto ante la desuni\u00f3n por motivos de un partidismo cerril, afecto solo a las siglas, los nacionalistas ven la oportunidad de fraccionar el territorio com\u00fan, primero de los bienes que comparte la ciudadan\u00eda. Y es la quiebra de los consensos sobre cuestiones de Estado entre los partidos pol\u00edticos nacionales la que otorga ilusi\u00f3n y esperanza a los nacionalistas perif\u00e9ricos, otorgando credibilidad a lo que es imposible. Por eso, en estos momentos un gobierno que represente solo a una mitad del pa\u00eds no estar\u00e1 en condiciones de realizar las reformas imprescindibles para encarar el futuro ni conseguir\u00e1 que cicatricen las heridas recientes. No lo estar\u00e1 un gobierno formado exclusivamente por el PSOE y Podemos. La situaci\u00f3n empeora si consideramos que el gobierno que se prefigura habr\u00e1 de contar, para cada paso, con la aprobaci\u00f3n de fuerzas independentistas que no disimulan el objetivo de destruir nuestro devenir democr\u00e1tico com\u00fan amparado en la Constituci\u00f3n. Adem\u00e1s, resulta inviable la defensa del Estado del Bienestar a base de acuerdos con quienes pretenden destruir el Estado. As\u00ed que en estas circunstancias ning\u00fan gobierno de Espa\u00f1a puede quedar bajo su dependencia. Ser\u00eda un grav\u00edsimo error pol\u00edtico y una irresponsabilidad que pondr\u00eda en riesgo nuestras libertades y la convivencia ciudadana. Creemos que el momento exige abrir una fase de colaboraci\u00f3n constitucionalista y transversal, que sit\u00fae la pol\u00edtica espa\u00f1ola en posiciones moderadas, alejadas de los extremismos sectarios. Tras a\u00f1os de tremendismo verbal, de exageraciones partidistas, debemos propugnar el sosiego. Las formas para conseguir la concordia necesaria y que la democracia funcione correctamente pueden variar: coalici\u00f3n de gobierno o pacto parlamentario. Lo importante es&hellip;<br \/>\nVia: <a href=\"https:\/\/www.abc.es\/espana\/abci-socialistas-intelectuales-alertan-sobre-gravisimo-error-politico-pacto-psoe-podemos-201911261249_noticia.html\" target=\"_blank\">Socialistas e intelectuales alertan sobre el \u00abgrav\u00edsimo error pol\u00edtico\u00bb del pacto PSOE-Podemos<\/a><\/p>\n","protected":false},"excerpt":{"rendered":"<p>Destacados socialistas como Nicol\u00e1s Redondo, Jos\u00e9 Rodr\u00edguez de la Borbolla, Joaqu\u00edn Leguina o Francisco V\u00e1zquez, as\u00ed como intelectuales y representantes de la sociedad civil han denunciado el \u00abgrav\u00edsimo error pol\u00edtico\u00bb y la \u00abirresponsabilidad que pondr\u00eda en riesgo nuestras libertades y la convivencia ciudadana\u00bb, si se consuma el pacto PSOE-Podemos, con [&hellip;]<\/p>\n","protected":false},"author":2,"featured_media":120751,"comment_status":"open","ping_status":"closed","sticky":false,"template":"","format":"standard","meta":{"footnotes":""},"categories":[6],"tags":[],"class_list":["post-120750","post","type-post","status-publish","format-standard","has-post-thumbnail","hentry","category-spanish"],"_links":{"self":[{"href":"https:\/\/theworldwidejournal.com\/index.php?rest_route=\/wp\/v2\/posts\/120750","targetHints":{"allow":["GET"]}}],"collection":[{"href":"https:\/\/theworldwidejournal.com\/index.php?rest_route=\/wp\/v2\/posts"}],"about":[{"href":"https:\/\/theworldwidejournal.com\/index.php?rest_route=\/wp\/v2\/types\/post"}],"author":[{"embeddable":true,"href":"https:\/\/theworldwidejournal.com\/index.php?rest_route=\/wp\/v2\/users\/2"}],"replies":[{"embeddable":true,"href":"https:\/\/theworldwidejournal.com\/index.php?rest_route=%2Fwp%2Fv2%2Fcomments&post=120750"}],"version-history":[{"count":0,"href":"https:\/\/theworldwidejournal.com\/index.php?rest_route=\/wp\/v2\/posts\/120750\/revisions"}],"wp:featuredmedia":[{"embeddable":true,"href":"https:\/\/theworldwidejournal.com\/index.php?rest_route=\/wp\/v2\/media\/120751"}],"wp:attachment":[{"href":"https:\/\/theworldwidejournal.com\/index.php?rest_route=%2Fwp%2Fv2%2Fmedia&parent=120750"}],"wp:term":[{"taxonomy":"category","embeddable":true,"href":"https:\/\/theworldwidejournal.com\/index.php?rest_route=%2Fwp%2Fv2%2Fcategories&post=120750"},{"taxonomy":"post_tag","embeddable":true,"href":"https:\/\/theworldwidejournal.com\/index.php?rest_route=%2Fwp%2Fv2%2Ftags&post=120750"}],"curies":[{"name":"wp","href":"https:\/\/api.w.org\/{rel}","templated":true}]}}