{"id":12125,"date":"2017-10-23T15:38:15","date_gmt":"2017-10-23T13:38:15","guid":{"rendered":"https:\/\/theworldwidejournal.com\/2017\/10\/23\/el-triste-aniversario-de-una-gran-fiesta\/"},"modified":"2017-10-23T15:38:15","modified_gmt":"2017-10-23T13:38:15","slug":"el-triste-aniversario-de-una-gran-fiesta","status":"publish","type":"post","link":"https:\/\/theworldwidejournal.com\/?p=12125","title":{"rendered":"El triste aniversario de una gran fiesta"},"content":{"rendered":"<p>Cosas del calendario. La misma semana en la que cae el 40 aniversario del retorno a Barcelona de Josep Tarradellas como presidente de la Generalitat, el Gobierno de Espa\u00f1a toma el control total de la instituci\u00f3n del autogobierno catal\u00e1n y se anuncia la destituci\u00f3n de su actual presidente, Carles Puigdemont, y su Gobierno. Cosas del calendario. La llegada de Tarradellas al palacio de la Generalitat, tal d\u00eda como hoy, 23 de octubre, fue en Catalu\u00f1a una de las mayores fiestas de la Transici\u00f3n. Un presidente recorriendo las calles en un coche descubierto recibiendo los aplausos y las aclamaciones de la muchedumbre que le envolv\u00edan como una ola sonora en el trayecto desde la plaza de Espa\u00f1a hasta la de Sant Jaume. Ya all\u00ed, en la sede de la Generalitat, tuvo lugar la escena del balc\u00f3n que ha quedado como icono hist\u00f3rico. El anciano presidente, que contaba 78 a\u00f1os, comparece acompa\u00f1ado por los l\u00edderes de los partidos catalanes y pronuncia un breve parlamento que empieza diciendo: \u201cCiutadans de Catalunya! Ja s\u00f3c aqu\u00ed!\u201d. Hab\u00edan transcurrido 38 a\u00f1os desde que tuvo que partir al exilio.Seguir leyendo.<br \/>\nVia: <a href=\"https:\/\/elpais.com\/ccaa\/2017\/10\/22\/catalunya\/1508693141_845723.html#?ref=rss&#038;format=simple&#038;link=link\" target=\"_blank\">El triste aniversario de una gran fiesta<\/a><\/p>\n","protected":false},"excerpt":{"rendered":"<p>Cosas del calendario. La misma semana en la que cae el 40 aniversario del retorno a Barcelona de Josep Tarradellas como presidente de la Generalitat, el Gobierno de Espa\u00f1a toma el control total de la instituci\u00f3n del autogobierno catal\u00e1n y se anuncia la destituci\u00f3n de su actual presidente, Carles Puigdemont, [&hellip;]<\/p>\n","protected":false},"author":2,"featured_media":0,"comment_status":"open","ping_status":"closed","sticky":false,"template":"","format":"standard","meta":{"footnotes":""},"categories":[6],"tags":[],"class_list":["post-12125","post","type-post","status-publish","format-standard","hentry","category-spanish"],"_links":{"self":[{"href":"https:\/\/theworldwidejournal.com\/index.php?rest_route=\/wp\/v2\/posts\/12125","targetHints":{"allow":["GET"]}}],"collection":[{"href":"https:\/\/theworldwidejournal.com\/index.php?rest_route=\/wp\/v2\/posts"}],"about":[{"href":"https:\/\/theworldwidejournal.com\/index.php?rest_route=\/wp\/v2\/types\/post"}],"author":[{"embeddable":true,"href":"https:\/\/theworldwidejournal.com\/index.php?rest_route=\/wp\/v2\/users\/2"}],"replies":[{"embeddable":true,"href":"https:\/\/theworldwidejournal.com\/index.php?rest_route=%2Fwp%2Fv2%2Fcomments&post=12125"}],"version-history":[{"count":0,"href":"https:\/\/theworldwidejournal.com\/index.php?rest_route=\/wp\/v2\/posts\/12125\/revisions"}],"wp:attachment":[{"href":"https:\/\/theworldwidejournal.com\/index.php?rest_route=%2Fwp%2Fv2%2Fmedia&parent=12125"}],"wp:term":[{"taxonomy":"category","embeddable":true,"href":"https:\/\/theworldwidejournal.com\/index.php?rest_route=%2Fwp%2Fv2%2Fcategories&post=12125"},{"taxonomy":"post_tag","embeddable":true,"href":"https:\/\/theworldwidejournal.com\/index.php?rest_route=%2Fwp%2Fv2%2Ftags&post=12125"}],"curies":[{"name":"wp","href":"https:\/\/api.w.org\/{rel}","templated":true}]}}