{"id":12127,"date":"2017-10-23T15:27:26","date_gmt":"2017-10-23T13:27:26","guid":{"rendered":"https:\/\/theworldwidejournal.com\/2017\/10\/23\/matas-se-sentara-en-el-banquillo-el-proximo-mes-de-noviembre\/"},"modified":"2017-10-23T15:27:26","modified_gmt":"2017-10-23T13:27:26","slug":"matas-se-sentara-en-el-banquillo-el-proximo-mes-de-noviembre","status":"publish","type":"post","link":"https:\/\/theworldwidejournal.com\/?p=12127","title":{"rendered":"Matas se sentar\u00e1 en el banquillo el pr\u00f3ximo mes de noviembre"},"content":{"rendered":"<p>El expresidente balear Jaume Matas se sentar\u00e1 de nuevo en el banquillo dentro de unas semanas, en concreto el pr\u00f3ximo 7 de noviembre. Matas ser\u00e1 juzgado en relaci\u00f3n a las piezas separadas 13 y 14 del caso Palma Arena, que tratan, respectivamente, sobre la campa\u00f1a de publicidad para el Mundial de Ciclismo en Pista de 2007 y sobre un patrocinio concreto para ese evento. En la vista previa celebrada este lunes en la Secci\u00f3n Primera de la Audiencia Provincial de Palma, el tribunal ha acordado acumular ambas piezas en una sola. El exmandatario mallorqu\u00edn se enfrenta en este caso a una posible pena de un a\u00f1o y medio de c\u00e1rcel, por un presunto delito de fraude a la Administraci\u00f3n. La Fiscal\u00eda Anticorrupci\u00f3n hab\u00eda solicitado el sobreseimiento provisional de la pieza 13, que trata sobre la contrataci\u00f3n de la campa\u00f1a de publicidad del citado mundial. Cabe recordar que la Fundaci\u00f3n Illesport \u2014dependiente del Gobierno balear\u2014 adjudic\u00f3 a la empresa de publicidad Nimbus el contrato para que encontrase posibles patrocinadores. El montante total de dicho convenio fue de 845.549 euros. El Ministerio P\u00fablico consideraba que en este caso no habr\u00edan quedado acreditados los delitos de prevaricaci\u00f3n y fraude que se atribu\u00edan a Matas y al propietario de Nimbus, Miguel Romero, que falleci\u00f3 en agosto de este a\u00f1o. Por lo que respecta a la pieza 14, que trata sobre un patrocinio concreto conseguido por Nimbus, en este caso la Fiscal\u00eda pide para Matas un a\u00f1o y seis meses de c\u00e1rcel, as\u00ed como diez de inhabilitaci\u00f3n, por un presunto delito de fraude a la Administraci\u00f3n. Asimismo, solicita siete a\u00f1os de inhabilitaci\u00f3n para el expresidente por un supuesto delito de prevaricaci\u00f3n. Cabe recordar que el Instituto Balear de Turismo (Ibatur) acord\u00f3 con Nimbus, previa firma de un convenio de colaboraci\u00f3n, un patrocinio de 350.000 euros para el Mundial de Ciclismo en Pista de 2007. Seg\u00fan el escrito de acusaci\u00f3n del Ministerio P\u00fablico, Nimbus no hab\u00eda conseguido los fondos necesarios para \u00abhacer frente\u00bb a los costes de la campa\u00f1a de publicidad que se le hab\u00eda adjudicado por 845.549 euros. Por ello, \u00abante la insuficiencia de las cantidades percibidas\u00bb, Romero habr\u00eda pedido a Matas m\u00e1s medios econ\u00f3micos para cubrir dicho servicio. Para \u00absoslayar\u00bb las prescripciones de la Ley de Contratos de la Administraci\u00f3n P\u00fablica, \u00abque exig\u00eda una modificaci\u00f3n del contrato y por tanto la realizaci\u00f3n de todos los tr\u00e1mites administrativos pertinentes\u00bb, Matas habr\u00eda ordenado que desde la Consejer\u00eda de Presidencia se transfirieran al Ibatur 350.000 euros, que a su vez fueron traspasados a Nimbus. Anticorrupci\u00f3n recuerda, en ese contexto, que Nimbus se ocup\u00f3 de la campa\u00f1a electoral del PP del Archipi\u00e9lago en las auton\u00f3micas y municipales de mayo de 2007. Cabe recordar que, hasta el momento, el expresidente balear ha sido condenado en firme en dos de las piezas del caso Palma Arena ya juzgadas y resueltas. En un caso, debi\u00f3 cumplir una condena de nueve meses y un d\u00eda de c\u00e1rcel por tr\u00e1fico de influencias, en concreto por favorecer a un amigo periodista con una subvenci\u00f3n. En el otro caso, debi\u00f3 abonar 9.000 euros de multa por cohecho, al considerar el jurado que hab\u00eda presionado a un hotelero para que contratase a su esposa, Maite Areal. Con posterioridad, en febrero de este a\u00f1o, el tribunal del caso N\u00f3os conden\u00f3 a Matas a tres a\u00f1os y ocho meses de c\u00e1rcel por un delito de prevaricaci\u00f3n \u2014en concurso con falsedad y malversaci\u00f3n\u2014 y otro de fraude. Dicha pena se encuentra recurrida en la actualidad ante el Tribunal Supremo. M\u00e1s recientemente, la pasada semana, la Audiencia Provincial dict\u00f3 una sentencia en la que absolvi\u00f3 a Matas del delito continuado de fraude a la Administraci\u00f3n en el marco de las piezas separadas n\u00famero 8 y 9 del caso Palma Arena. Dichas piezas trataban sobre la presunta contrataci\u00f3n irregular de los tres arquitectos que construyeron el vel\u00f3dromo. La Fiscal\u00eda ped\u00eda tres a\u00f1os de c\u00e1rcel para Matas por ese presunto delito. En este caso concreto Matas eludir\u00e1 una posible nueva pena de c\u00e1rcel, ya que el tribunal \u00fanicamente le conden\u00f3 a ocho a\u00f1os de inhabilitaci\u00f3n para cargo p\u00fablico, por un delito continuado de prevaricaci\u00f3n. Matas est\u00e1 adem\u00e1s a la espera de que la Audiencia Provincial dicte sentencia en relaci\u00f3n al juicio celebrado el pasado mes de septiembre por la pieza separada n\u00famero 3 del caso Palma Arena, conocida como el caso \u00d3pera. Dicha pieza trata sobre la presunta contrataci\u00f3n irregular, a principios de 2007, del arquitecto Santiago Calatrava para que elaborase un anteproyecto para la construcci\u00f3n de un futuro palacio de la \u00f3pera en Palma. A lo largo del citado juicio, la fiscal Anticorrupci\u00f3n Laura Pell\u00f3n modific\u00f3 su solicitud inicial de un a\u00f1o y tres meses de c\u00e1rcel para el expol\u00edtico popular, pidiendo finalmente s\u00f3lo un a\u00f1o de prisi\u00f3n. Asimismo, solicit\u00f3 diez a\u00f1os de inhabilitaci\u00f3n para Matas, por un supuesto delito de prevaricaci\u00f3n.<br \/>\nVia: <a href=\"http:\/\/www.abc.es\/espana\/abci-matas-sentara-nuevo-banquillo-proximo-noviembre-201710231327_noticia.html\" target=\"_blank\">Matas se sentar\u00e1 en el banquillo el pr\u00f3ximo mes de noviembre<\/a><\/p>\n","protected":false},"excerpt":{"rendered":"<p>El expresidente balear Jaume Matas se sentar\u00e1 de nuevo en el banquillo dentro de unas semanas, en concreto el pr\u00f3ximo 7 de noviembre. Matas ser\u00e1 juzgado en relaci\u00f3n a las piezas separadas 13 y 14 del caso Palma Arena, que tratan, respectivamente, sobre la campa\u00f1a de publicidad para el Mundial [&hellip;]<\/p>\n","protected":false},"author":2,"featured_media":12128,"comment_status":"open","ping_status":"closed","sticky":false,"template":"","format":"standard","meta":{"footnotes":""},"categories":[6],"tags":[],"class_list":["post-12127","post","type-post","status-publish","format-standard","has-post-thumbnail","hentry","category-spanish"],"_links":{"self":[{"href":"https:\/\/theworldwidejournal.com\/index.php?rest_route=\/wp\/v2\/posts\/12127","targetHints":{"allow":["GET"]}}],"collection":[{"href":"https:\/\/theworldwidejournal.com\/index.php?rest_route=\/wp\/v2\/posts"}],"about":[{"href":"https:\/\/theworldwidejournal.com\/index.php?rest_route=\/wp\/v2\/types\/post"}],"author":[{"embeddable":true,"href":"https:\/\/theworldwidejournal.com\/index.php?rest_route=\/wp\/v2\/users\/2"}],"replies":[{"embeddable":true,"href":"https:\/\/theworldwidejournal.com\/index.php?rest_route=%2Fwp%2Fv2%2Fcomments&post=12127"}],"version-history":[{"count":0,"href":"https:\/\/theworldwidejournal.com\/index.php?rest_route=\/wp\/v2\/posts\/12127\/revisions"}],"wp:featuredmedia":[{"embeddable":true,"href":"https:\/\/theworldwidejournal.com\/index.php?rest_route=\/wp\/v2\/media\/12128"}],"wp:attachment":[{"href":"https:\/\/theworldwidejournal.com\/index.php?rest_route=%2Fwp%2Fv2%2Fmedia&parent=12127"}],"wp:term":[{"taxonomy":"category","embeddable":true,"href":"https:\/\/theworldwidejournal.com\/index.php?rest_route=%2Fwp%2Fv2%2Fcategories&post=12127"},{"taxonomy":"post_tag","embeddable":true,"href":"https:\/\/theworldwidejournal.com\/index.php?rest_route=%2Fwp%2Fv2%2Ftags&post=12127"}],"curies":[{"name":"wp","href":"https:\/\/api.w.org\/{rel}","templated":true}]}}