{"id":123039,"date":"2019-12-12T14:53:17","date_gmt":"2019-12-12T13:53:17","guid":{"rendered":"https:\/\/theworldwidejournal.com\/2019\/12\/12\/torra-alerta-de-que-con-una-llamada-de-sanchez-no-se-soluciona-el-conflicto\/"},"modified":"2019-12-12T14:53:17","modified_gmt":"2019-12-12T13:53:17","slug":"torra-alerta-de-que-con-una-llamada-de-sanchez-no-se-soluciona-el-conflicto","status":"publish","type":"post","link":"https:\/\/theworldwidejournal.com\/?p=123039","title":{"rendered":"Torra alerta de que con una llamada de S\u00e1nchez no se soluciona el conflicto"},"content":{"rendered":"<p>El presidente catal\u00e1n, Quim Torra, considera que una llamada del jefe del Gobierno en funciones, Pedro S\u00e1nchez, en el marco de una ronda de contactos con presidentes auton\u00f3micos, no soluciona el conflicto catal\u00e1n, que pide encarar con &#8220;valent\u00eda&#8221; y no con gestos &#8220;vac\u00edos y est\u00e9riles&#8221;. Despu\u00e9s de la ronda de consultas y de recibir el encargo del rey Felipe VI para formar gobierno, S\u00e1nchez anunci\u00f3 ayer mi\u00e9rcoles que llamar\u00eda a todos los presidentes auton\u00f3micos, incluido Quim Torra, quien en las \u00faltimas semanas le ha telefoneado diversas veces sin \u00e9xito. Fuentes del entorno del presidente catal\u00e1n han remarcado a Efe este jueves que nada se va solucionar con una llamada de S\u00e1nchez en el marco de una ronda de presidentes auton\u00f3micos, ya que el problema no radica en la llamada. En este sentido, apuntan que lo que debe haber es &#8220;respeto institucional&#8221; y &#8220;bilateralidad&#8221; entre Catalu\u00f1a y el Estado, y un &#8220;reconocimiento de los sujetos pol\u00edticos&#8221;. Tambi\u00e9n una &#8220;propuesta democr\u00e1tica&#8221; para dar salida a la autodeterminaci\u00f3n y el &#8220;fin de la represi\u00f3n&#8221;. Las mismas fuentes enfatizan que todo el mundo debe estar &#8220;a la altura del momento pol\u00edtico y encarar el conflicto con valent\u00eda y coraje, y no con gestos vac\u00edos y est\u00e9riles&#8221;, informa Efe. La consellera de Presidencia y portavoz del Govern, Meritxell Bud\u00f3, ha reiterado este jueves que la llamada del presidente del Gobierno en funciones, Pedro S\u00e1nchez, al presidente de la Generalitat dentro de una ronda de contactos de 17 presidentes auton\u00f3micos es insuficiente, pero ver\u00eda &#8220;un gesto&#8221; que el presidente catal\u00e1n fuera el primero.<br \/>\nVia: <a href=\"https:\/\/www.abc.es\/espana\/catalunya\/abci-torra-alerta-llamada-sanchez-no-soluciona-conflicto-201912121453_noticia.html\" target=\"_blank\">Torra alerta de que con una llamada de S\u00e1nchez no se soluciona el conflicto<\/a><\/p>\n","protected":false},"excerpt":{"rendered":"<p>El presidente catal\u00e1n, Quim Torra, considera que una llamada del jefe del Gobierno en funciones, Pedro S\u00e1nchez, en el marco de una ronda de contactos con presidentes auton\u00f3micos, no soluciona el conflicto catal\u00e1n, que pide encarar con &#8220;valent\u00eda&#8221; y no con gestos &#8220;vac\u00edos y est\u00e9riles&#8221;. Despu\u00e9s de la ronda de [&hellip;]<\/p>\n","protected":false},"author":2,"featured_media":123040,"comment_status":"open","ping_status":"closed","sticky":false,"template":"","format":"standard","meta":{"footnotes":""},"categories":[6],"tags":[],"class_list":["post-123039","post","type-post","status-publish","format-standard","has-post-thumbnail","hentry","category-spanish"],"_links":{"self":[{"href":"https:\/\/theworldwidejournal.com\/index.php?rest_route=\/wp\/v2\/posts\/123039","targetHints":{"allow":["GET"]}}],"collection":[{"href":"https:\/\/theworldwidejournal.com\/index.php?rest_route=\/wp\/v2\/posts"}],"about":[{"href":"https:\/\/theworldwidejournal.com\/index.php?rest_route=\/wp\/v2\/types\/post"}],"author":[{"embeddable":true,"href":"https:\/\/theworldwidejournal.com\/index.php?rest_route=\/wp\/v2\/users\/2"}],"replies":[{"embeddable":true,"href":"https:\/\/theworldwidejournal.com\/index.php?rest_route=%2Fwp%2Fv2%2Fcomments&post=123039"}],"version-history":[{"count":0,"href":"https:\/\/theworldwidejournal.com\/index.php?rest_route=\/wp\/v2\/posts\/123039\/revisions"}],"wp:featuredmedia":[{"embeddable":true,"href":"https:\/\/theworldwidejournal.com\/index.php?rest_route=\/wp\/v2\/media\/123040"}],"wp:attachment":[{"href":"https:\/\/theworldwidejournal.com\/index.php?rest_route=%2Fwp%2Fv2%2Fmedia&parent=123039"}],"wp:term":[{"taxonomy":"category","embeddable":true,"href":"https:\/\/theworldwidejournal.com\/index.php?rest_route=%2Fwp%2Fv2%2Fcategories&post=123039"},{"taxonomy":"post_tag","embeddable":true,"href":"https:\/\/theworldwidejournal.com\/index.php?rest_route=%2Fwp%2Fv2%2Ftags&post=123039"}],"curies":[{"name":"wp","href":"https:\/\/api.w.org\/{rel}","templated":true}]}}