{"id":123041,"date":"2019-12-12T14:20:19","date_gmt":"2019-12-12T13:20:19","guid":{"rendered":"https:\/\/theworldwidejournal.com\/2019\/12\/12\/criticas-a-sanchez-por-usar-a-los-presidentes-autonomicos-como-comparsa-para-llamar-a-torra\/"},"modified":"2019-12-12T14:20:19","modified_gmt":"2019-12-12T13:20:19","slug":"criticas-a-sanchez-por-usar-a-los-presidentes-autonomicos-como-comparsa-para-llamar-a-torra","status":"publish","type":"post","link":"https:\/\/theworldwidejournal.com\/?p=123041","title":{"rendered":"Cr\u00edticas a S\u00e1nchez por usar a los presidentes auton\u00f3micos como \u00abcomparsa\u00bb para llamar a Torra"},"content":{"rendered":"<p>El presidente del Gobierno en funciones y candidato a la investidura, Pedro S\u00e1nchez, comenzar\u00e1 la ronda de llamadas con los presidentes auton\u00f3micos por el lendakari vasco I\u00f1igo Urkullu, siguiendo el orden protocolario establecido a partir de la aprobaci\u00f3n de los estatutos de autonom\u00eda. As\u00ed, el presidente de la Generalitat de Catalu\u00f1a, Quim Torra, ser\u00eda el segundo en recibir la comunicaci\u00f3n del jefe el Ejecutivo en funciones, dentro de la ronda que anunci\u00f3 S\u00e1nchez con los l\u00edderes auton\u00f3micos. Tras aceptar el encargo del Rey de formar gobierno, S\u00e1nchez dijo que \u00aba partir de la pr\u00f3xima semana\u00bb llamar\u00eda \u00aba todos\u00bb los presidentes auton\u00f3micos, as\u00ed como al presidente de la Federaci\u00f3n Espa\u00f1ola de Municipios y Provincias (FEMP), para \u00abcompartir\u00bb la idea de que haya \u00abcuanto antes con un Gobierno\u00bb. Para estos contactos, S\u00e1nchez seguir\u00e1 el mismo orden que ya emple\u00f3 cuando, reci\u00e9n llegado a La Moncloa tras la moci\u00f3n de censura, convoc\u00f3 a todos los presidentes auton\u00f3micos. Entonces, la ronda la abri\u00f3 como ahora el lendakari Urkullu y la cerr\u00f3 el presidente de la ciudad aut\u00f3noma de Ceuta, Juan Jes\u00fas Vivas. Un \u00abgesto\u00bb Como respuesta, la consellera de Presidencia y portavoz del Govern, Meritxell Bud\u00f3, ha valorado esta ronda de llamadas como un movimiento insuficiente, pero ver\u00eda\u00abun gesto\u00bb que el presidente catal\u00e1n fuera el primero, algo que no va a ocurrir. \u00abEl tema no se soluciona con una llamada dentro de la ronda a los 17 presidentes de las comunidades. Reclamamos respeto institucional y por tanto pedimos que se aborde el di\u00e1logo entre gobiernos desde una bilateralidad, es decir, que se reconozca esta bilateralidad entre Catalu\u00f1a y el resto del Estado\u00bb, ha defendido Bud\u00f3. La vicepresidenta del Gobierno, Carmen Calvo, ha animado por su parte a los presidentes de las comunidades aut\u00f3nomas a \u00abaprovechar\u00bb la anunciada llamada de S\u00e1nchez. \u00abEl presidente quiere tomar el pulso de lo que opinan quienes representan las mayor\u00edas en los territorios, en las comunidades aut\u00f3nomas\u00ab, ha dicho Calvo. Sin embargo, parece que los presidentes auton\u00f3micos que no son del PSOE no conf\u00edan en las intenciones de S\u00e1nchez. Sin ir m\u00e1s lejos, el jefe del Ejecutivo c\u00e1ntabro, Miguel \u00c1ngel Revilla, cree que la ronda de encuentros se debe a que S\u00e1nchez busca hablar con Quim Torra. \u00abPuede ser que con la disculpa de que nos llama a todos pueda llamar tambi\u00e9n al catal\u00e1n. Se me ocurre as\u00ed pensar&#8230;\u00bb, ha se\u00f1alado a preguntas de los periodistas Revilla, quien ha avanzado que si le llaman aprovechar\u00e1 para decirle a Pedro S\u00e1nchez lo que quiere para Cantabria y que no aceptar\u00e1 \u00abde ninguna manera\u00bb que en los acuerdos para una posible abstenci\u00f3n de ERC se incumpla la Constituci\u00f3n. Cr\u00edticas del PP El l\u00edder del PP, Pablo Casado, ha acusado a S\u00e1nchez de utilizar a los presidentes auton\u00f3micos como \u00abcomparsa\u00bb para tener una relaci\u00f3n de \u00abbilateralidad\u00bb con el presidente de la Generalitat. A su entender, \u00abla credibilidad\u00bb del secretario general del PSOE es \u00abnula\u00bb. En declaraciones a los periodistas antes de participar en Bruselas en la cumbre del Partido Popular Europeo (PPE), ha urgido a S\u00e1nchez a explicar a los presidentes auton\u00f3micos c\u00f3mo va a atender los problemas que afectan a sus comunidades aut\u00f3nomas. Por ejemplo, ha dicho que al presidente andaluz, Juanma Moreno, \u00able tendr\u00e1 que explicar qu\u00e9 pasa con los ERE\u00bb, dado que \u00aba\u00fan no ha dado explicaciones\u00bb sobre ese \u00abesc\u00e1ndalo\u00bb. Lamb\u00e1n: \u00abLo dejo todo\u00bb El presidente del Gobierno de Arag\u00f3n, Javier Lamb\u00e1n, ha sido tajante este jueves cuando se le ha preguntado por el anuncio del l\u00edder del PSOE de que tiene intenci\u00f3n de mantener una ronda de contactos con todos los presidentes auton\u00f3micos: \u00abSi Pedro S\u00e1nchez me dice ven, lo dejo todo\u00bb. El president de la Generalitat, Ximo puig, ha afirmado que est\u00e1 convencido de que el presidente en funciones, Pedro S\u00e1nchez, y el PSOE \u00abest\u00e1n trabajando en la direcci\u00f3n correcta\u00bb y cree que las llamadas son algo \u00abextraordinariamente positivo, sobre todo porque da a entender lo que es la realidad plural de Espa\u00f1a, y el peso que tienen las comunidades aut\u00f3nomas en la concepci\u00f3n global del pa\u00eds\u00bb. En esos encuentros, ha dicho, cada presidente auton\u00f3mico le puede plantear c\u00f3mo se ve desde cada comunidad la realidad de la conformaci\u00f3n de este Gobierno, y ha adelantado que, en el caso de la Comunitat Valenciana, le plantear\u00e1 que quieren que haya Gobierno \u00ablo m\u00e1s r\u00e1pidamente posible\u00bb y que las instituciones \u00abest\u00e9n a pleno funcionamiento\u00bb.<br \/>\nVia: <a href=\"https:\/\/www.abc.es\/espana\/abci-criticas-sanchez-usar-presidentes-autonomicos-como-comparsa-para-llamar-torra-201912121420_noticia.html\" target=\"_blank\">Cr\u00edticas a S\u00e1nchez por usar a los presidentes auton\u00f3micos como \u00abcomparsa\u00bb para llamar a Torra<\/a><\/p>\n","protected":false},"excerpt":{"rendered":"<p>El presidente del Gobierno en funciones y candidato a la investidura, Pedro S\u00e1nchez, comenzar\u00e1 la ronda de llamadas con los presidentes auton\u00f3micos por el lendakari vasco I\u00f1igo Urkullu, siguiendo el orden protocolario establecido a partir de la aprobaci\u00f3n de los estatutos de autonom\u00eda. As\u00ed, el presidente de la Generalitat de [&hellip;]<\/p>\n","protected":false},"author":2,"featured_media":123042,"comment_status":"open","ping_status":"closed","sticky":false,"template":"","format":"standard","meta":{"footnotes":""},"categories":[6],"tags":[],"class_list":["post-123041","post","type-post","status-publish","format-standard","has-post-thumbnail","hentry","category-spanish"],"_links":{"self":[{"href":"https:\/\/theworldwidejournal.com\/index.php?rest_route=\/wp\/v2\/posts\/123041","targetHints":{"allow":["GET"]}}],"collection":[{"href":"https:\/\/theworldwidejournal.com\/index.php?rest_route=\/wp\/v2\/posts"}],"about":[{"href":"https:\/\/theworldwidejournal.com\/index.php?rest_route=\/wp\/v2\/types\/post"}],"author":[{"embeddable":true,"href":"https:\/\/theworldwidejournal.com\/index.php?rest_route=\/wp\/v2\/users\/2"}],"replies":[{"embeddable":true,"href":"https:\/\/theworldwidejournal.com\/index.php?rest_route=%2Fwp%2Fv2%2Fcomments&post=123041"}],"version-history":[{"count":0,"href":"https:\/\/theworldwidejournal.com\/index.php?rest_route=\/wp\/v2\/posts\/123041\/revisions"}],"wp:featuredmedia":[{"embeddable":true,"href":"https:\/\/theworldwidejournal.com\/index.php?rest_route=\/wp\/v2\/media\/123042"}],"wp:attachment":[{"href":"https:\/\/theworldwidejournal.com\/index.php?rest_route=%2Fwp%2Fv2%2Fmedia&parent=123041"}],"wp:term":[{"taxonomy":"category","embeddable":true,"href":"https:\/\/theworldwidejournal.com\/index.php?rest_route=%2Fwp%2Fv2%2Fcategories&post=123041"},{"taxonomy":"post_tag","embeddable":true,"href":"https:\/\/theworldwidejournal.com\/index.php?rest_route=%2Fwp%2Fv2%2Ftags&post=123041"}],"curies":[{"name":"wp","href":"https:\/\/api.w.org\/{rel}","templated":true}]}}