{"id":123043,"date":"2019-12-12T13:56:40","date_gmt":"2019-12-12T12:56:40","guid":{"rendered":"https:\/\/theworldwidejournal.com\/2019\/12\/12\/los-periodistas-exigen-a-pedro-sanchez-que-suprima-la-limitacion-de-preguntas-en-sus-comparecencias\/"},"modified":"2019-12-12T13:56:40","modified_gmt":"2019-12-12T12:56:40","slug":"los-periodistas-exigen-a-pedro-sanchez-que-suprima-la-limitacion-de-preguntas-en-sus-comparecencias","status":"publish","type":"post","link":"https:\/\/theworldwidejournal.com\/?p=123043","title":{"rendered":"Los periodistas exigen a Pedro S\u00e1nchez que suprima la limitaci\u00f3n de preguntas en sus comparecencias"},"content":{"rendered":"<p>La Asociaci\u00f3n de la Prensa de Madrid (APM) y la Federaci\u00f3n de Asociaciones de Periodistas de Espa\u00f1a (FAPE) han exigido este jueves al presidente en funciones, Pedro S\u00e1nchez, que suprima la limitaci\u00f3n de preguntas en las ruedas de prensa y comparecencias gubernamentales. A trav\u00e9s de un comunicado hecho p\u00fablico hoy, la APM atiende las quejas de los periodistas que siguen la informaci\u00f3n de Gobierno y pide que no se limitan las preguntas en las comparecencias del l\u00edder del PSOE. Ayer mi\u00e9rcoles, durante la rueda de prensa en el Palacio de la Moncloa en la que S\u00e1nchez confirm\u00f3 que el Rey lo hab\u00eda designado como candidato para la investidura, los periodistas le recriminaron a S\u00e1nchez que estableciera un l\u00edmite de dos turnos de preguntas. La APM entiende que \u00ablos periodistas y los medios tienen la funci\u00f3n de mantener informados a los ciudadanos en cumplimiento del mandato constitucional del derecho a la informaci\u00f3n\u00bb. La APM a\u00f1ade que \u00abel deber de los responsables pol\u00edticos es someterse al escrutinio de la opini\u00f3n p\u00fablica a trav\u00e9s de los medios de comunicaci\u00f3n, en el marco del respeto a la libertad de expresi\u00f3n y a dicho derecho de informaci\u00f3n\u00bb. As\u00ed, \u00abla limitaci\u00f3n de preguntas, o eliminaci\u00f3n de las mismas, en las ruedas de prensa y comparecencias gubernamentales obstaculizan dicha misi\u00f3n\u00bb. Y esto es lo que ayer ocurri\u00f3 en la comparecencia del presidente en funciones. S\u00e1nchez compareci\u00f3 ante la prensa tras ser propuesto por Don Felipe como candidato a la investidura y solo admiti\u00f3 dos preguntas, que debieron ser pactadas entre los periodistas concurrentes. \u00abLa APM lleva a\u00f1os denunciando las ruedas de prensa sin preguntas, no solamente de los sucesivos Gobiernos, sino tambi\u00e9n de cualquier partido pol\u00edtico o fuente informativa\u00bb. La asociaci\u00f3n exhorta a los periodistas a no acudir a actos informativos que no admitan preguntas. Para tratar este asunto, la APM ha solicitado una reuni\u00f3n con el secretario de Estado de Comunicaci\u00f3n, Miguel \u00c1ngel Oliver. En el mismo sentido, la FAPE se\u00f1ala que la limitaci\u00f3n de preguntas \u00absupone un claro menoscabo del trabajo de los periodistas y un perjuicio a los ciudadanos, hoy m\u00e1s que nunca necesitados de respuestas sobre las negociaciones para la formaci\u00f3n del Ejecutivo\u00ab. Seg\u00fan la FAPE, \u00ablos ciudadanos tienen pleno derecho a recibir m\u00e1s informaci\u00f3n de un tema trascendental -la formaci\u00f3n de Gobierno- que afecta de lleno a su vida social, econ\u00f3mica y pol\u00edtica, especialmente en un momento pol\u00edtico tan necesitado de explicaciones como el que estamos viviendo\u00bb. \u00abLa imposici\u00f3n de ruedas de prensa sin derecho a preguntas o con l\u00edmites que escapan a lo razonable, como ocurri\u00f3 ayer, es una manera de hurtar a los ciudadanos la explicaci\u00f3n de las decisiones y de negarles la respuesta a sus preocupaciones y problemas\u00bb.<br \/>\nVia: <a href=\"https:\/\/www.abc.es\/espana\/abci-periodistas-exigen-pedro-sanchez-suprima-limitacion-preguntas-comparecencias-201912121356_noticia.html\" target=\"_blank\">Los periodistas exigen a Pedro S\u00e1nchez que suprima la limitaci\u00f3n de preguntas en sus comparecencias<\/a><\/p>\n","protected":false},"excerpt":{"rendered":"<p>La Asociaci\u00f3n de la Prensa de Madrid (APM) y la Federaci\u00f3n de Asociaciones de Periodistas de Espa\u00f1a (FAPE) han exigido este jueves al presidente en funciones, Pedro S\u00e1nchez, que suprima la limitaci\u00f3n de preguntas en las ruedas de prensa y comparecencias gubernamentales. A trav\u00e9s de un comunicado hecho p\u00fablico hoy, [&hellip;]<\/p>\n","protected":false},"author":2,"featured_media":123044,"comment_status":"open","ping_status":"closed","sticky":false,"template":"","format":"standard","meta":{"footnotes":""},"categories":[6],"tags":[],"class_list":["post-123043","post","type-post","status-publish","format-standard","has-post-thumbnail","hentry","category-spanish"],"_links":{"self":[{"href":"https:\/\/theworldwidejournal.com\/index.php?rest_route=\/wp\/v2\/posts\/123043","targetHints":{"allow":["GET"]}}],"collection":[{"href":"https:\/\/theworldwidejournal.com\/index.php?rest_route=\/wp\/v2\/posts"}],"about":[{"href":"https:\/\/theworldwidejournal.com\/index.php?rest_route=\/wp\/v2\/types\/post"}],"author":[{"embeddable":true,"href":"https:\/\/theworldwidejournal.com\/index.php?rest_route=\/wp\/v2\/users\/2"}],"replies":[{"embeddable":true,"href":"https:\/\/theworldwidejournal.com\/index.php?rest_route=%2Fwp%2Fv2%2Fcomments&post=123043"}],"version-history":[{"count":0,"href":"https:\/\/theworldwidejournal.com\/index.php?rest_route=\/wp\/v2\/posts\/123043\/revisions"}],"wp:featuredmedia":[{"embeddable":true,"href":"https:\/\/theworldwidejournal.com\/index.php?rest_route=\/wp\/v2\/media\/123044"}],"wp:attachment":[{"href":"https:\/\/theworldwidejournal.com\/index.php?rest_route=%2Fwp%2Fv2%2Fmedia&parent=123043"}],"wp:term":[{"taxonomy":"category","embeddable":true,"href":"https:\/\/theworldwidejournal.com\/index.php?rest_route=%2Fwp%2Fv2%2Fcategories&post=123043"},{"taxonomy":"post_tag","embeddable":true,"href":"https:\/\/theworldwidejournal.com\/index.php?rest_route=%2Fwp%2Fv2%2Ftags&post=123043"}],"curies":[{"name":"wp","href":"https:\/\/api.w.org\/{rel}","templated":true}]}}