{"id":123175,"date":"2019-12-13T14:03:20","date_gmt":"2019-12-13T13:03:20","guid":{"rendered":"https:\/\/theworldwidejournal.com\/2019\/12\/13\/el-temporal-deja-rachas-de-viento-de-156-kilometros-y-olas-de-14-metros\/"},"modified":"2019-12-13T14:03:20","modified_gmt":"2019-12-13T13:03:20","slug":"el-temporal-deja-rachas-de-viento-de-156-kilometros-y-olas-de-14-metros","status":"publish","type":"post","link":"https:\/\/theworldwidejournal.com\/?p=123175","title":{"rendered":"El temporal deja rachas de viento de 156 kil\u00f3metros y olas de 14 metros"},"content":{"rendered":"<p>Cantabria, Bizkaia y Gipuzkoa tienen este viernes aviso rojo, el m\u00e1ximo nivel de una escala de tres, por un fort\u00edsimo temporal mar\u00edtimo que afecta a pr\u00e1cticamente todo el litoral peninsular y balear, y que en esa comunidad y en las dos provincias vascas dejar\u00e1 olas de hasta nueve metros. La boya Augusto Gonz\u00e1lez Linares, a 22 millas (35 kil\u00f3metros) de cabo Mayor (Santander), ha registrado olas de 14,45 metros.\u00a0El viento es el otro gran protagonista\u00a0del d\u00eda, con avisos en buena parte del este y en puntos del centro y del norte por rachas incluso huracanadas, es decir, de 120 kil\u00f3metros por hora. En lo que va de d\u00eda,\u00a0se han registrado rachas de 156 en Machichaco y de 140 en Lekeitio (Bizkaia), de 126 en Mutriku (Gipuzkoa) y de 118 en el Alto del Le\u00f3n (Madrid) y Estaca de Bares (A Coru\u00f1a). En San Sebasti\u00e1n, donde el Ayuntamiento ha cerrado los parques y los arenales, el viento\u00a0ha provocado numerosas incidencias como da\u00f1os en el mobiliario urbano y ca\u00edda de ramas,\u00a0cubiertas, contenedores y vallas, aunque ninguna de gravedad. En Madrid\u00a0se ha producido el desalojo y el cierre del parque del Retiro, mientras que en Barcelona tambi\u00e9n se han clausurado los parques\u00a0y jardines que cierran por las noches, incluida\u00a0la zona monumental del Parc G\u00fcell.Seguir leyendo.<br \/>\nVia: <a href=\"https:\/\/elpais.com\/politica\/2019\/12\/13\/actualidad\/1576191994_155228.html#?ref=rss&#038;format=simple&#038;link=link\" target=\"_blank\">El temporal deja rachas de viento de 156 kil\u00f3metros y olas de 14 metros<\/a><\/p>\n","protected":false},"excerpt":{"rendered":"<p>Cantabria, Bizkaia y Gipuzkoa tienen este viernes aviso rojo, el m\u00e1ximo nivel de una escala de tres, por un fort\u00edsimo temporal mar\u00edtimo que afecta a pr\u00e1cticamente todo el litoral peninsular y balear, y que en esa comunidad y en las dos provincias vascas dejar\u00e1 olas de hasta nueve metros. La [&hellip;]<\/p>\n","protected":false},"author":2,"featured_media":0,"comment_status":"open","ping_status":"closed","sticky":false,"template":"","format":"standard","meta":{"footnotes":""},"categories":[6],"tags":[],"class_list":["post-123175","post","type-post","status-publish","format-standard","hentry","category-spanish"],"_links":{"self":[{"href":"https:\/\/theworldwidejournal.com\/index.php?rest_route=\/wp\/v2\/posts\/123175","targetHints":{"allow":["GET"]}}],"collection":[{"href":"https:\/\/theworldwidejournal.com\/index.php?rest_route=\/wp\/v2\/posts"}],"about":[{"href":"https:\/\/theworldwidejournal.com\/index.php?rest_route=\/wp\/v2\/types\/post"}],"author":[{"embeddable":true,"href":"https:\/\/theworldwidejournal.com\/index.php?rest_route=\/wp\/v2\/users\/2"}],"replies":[{"embeddable":true,"href":"https:\/\/theworldwidejournal.com\/index.php?rest_route=%2Fwp%2Fv2%2Fcomments&post=123175"}],"version-history":[{"count":0,"href":"https:\/\/theworldwidejournal.com\/index.php?rest_route=\/wp\/v2\/posts\/123175\/revisions"}],"wp:attachment":[{"href":"https:\/\/theworldwidejournal.com\/index.php?rest_route=%2Fwp%2Fv2%2Fmedia&parent=123175"}],"wp:term":[{"taxonomy":"category","embeddable":true,"href":"https:\/\/theworldwidejournal.com\/index.php?rest_route=%2Fwp%2Fv2%2Fcategories&post=123175"},{"taxonomy":"post_tag","embeddable":true,"href":"https:\/\/theworldwidejournal.com\/index.php?rest_route=%2Fwp%2Fv2%2Ftags&post=123175"}],"curies":[{"name":"wp","href":"https:\/\/api.w.org\/{rel}","templated":true}]}}