{"id":123178,"date":"2019-12-13T14:30:13","date_gmt":"2019-12-13T13:30:13","guid":{"rendered":"https:\/\/theworldwidejournal.com\/2019\/12\/13\/un-colegio-de-palma-pidio-a-los-alumnos-de-etica-que-opinasen-sobre-los-presos-politicos-catalanes\/"},"modified":"2019-12-13T14:30:13","modified_gmt":"2019-12-13T13:30:13","slug":"un-colegio-de-palma-pidio-a-los-alumnos-de-etica-que-opinasen-sobre-los-presos-politicos-catalanes","status":"publish","type":"post","link":"https:\/\/theworldwidejournal.com\/?p=123178","title":{"rendered":"Un colegio de Palma pidi\u00f3 a los alumnos de \u00c9tica que opinasen sobre los \u00abpresos pol\u00edticos catalanes\u00bb"},"content":{"rendered":"<p>Los alumnos de 4\u00ba de ESO del Instituto de Ense\u00f1anza Secundaria (IES) Son Cladera de Palma han tenido que preparar esta semana un trabajo para la asignatura de \u00c9tica en el que, entre otras cuestiones, se les preguntaba si ve\u00edan semejanzas entre el argumento de la pel\u00edcula que hab\u00edan visto previamente en el centro \u2014\u00abEn el nombre del padre\u00bb\u2014 y \u00abcasos como los de Valtonyc o los de los presos pol\u00edticos catalanes\u00bb. La citada pel\u00edcula, dirigida por Jim Sheridan en 1993, trataba esencialmente sobre la historia real de los denominados \u00abcuatro de Guildford\u00bb, unos j\u00f3venes irlandeses que en 1975 fueron condenados a cadena perpetua en el Reino Unido como supuestos autores de un atentado del IRA llevado a cabo en octubre de 1974 en la capital del condado de Surrey, en el que murieron cinco personas. Este caso fue revisado a\u00f1os despu\u00e9s por la Justicia brit\u00e1nica, que en 1989 revoc\u00f3 la sentencia originaria y excarcel\u00f3 a los cuatro j\u00f3venes citados, al considerar que no hab\u00edan tenido ninguna participaci\u00f3n en aquel atentado y que, por tanto, hab\u00edan sido condenados injustamente. Varias cuestiones El trabajo encargado esta semana a los alumnos de \u00c9tica del IES Son Cladera consist\u00eda en pedirles un resumen de la pel\u00edcula y en que contestasen a varias cuestiones. Entre las cuestiones planteadas estaban las siguientes: \u00ab\u00bfCrees que casos como los de Valtonyc o los de los presos pol\u00edticos catalanes ser\u00edan parecidos a lo que acabamos de ver en la pel\u00edcula?\u00bb, \u00abObserva el caso de Espa\u00f1a; \u00bfcu\u00e1ntas veces ha sido acusada por Naciones Unidas de vulnerar los Derechos Humanos?\u00bb, \u00abLa pel\u00edcula tambi\u00e9n va sobre el abuso del poder. Investiga c\u00f3mo nos podemos defender en una democracia de los abusos policiales o del poder en general\u00bb. Cabe recordar, en relaci\u00f3n a la referencia que se hace a Valtonyc en dicho trabajo escolar, que este artista mallorqu\u00edn fue condenado a tres a\u00f1os y medio de c\u00e1rcel por los delitos de enaltecimiento del terrorismo, injurias graves a la Corona y amenazas. Valtonyc deber\u00eda haber ingresado en una prisi\u00f3n espa\u00f1ola el 24 de mayo del pasado a\u00f1o, pero unos d\u00edas antes decidi\u00f3 huir de Espa\u00f1a, por lo que fue dictada una orden de busca y captura internacional contra \u00e9l. Desde entonces, se encuentra viviendo de forma provisional en B\u00e9lgica. Valoraciones acad\u00e9micas En ese contexto, el presidente de la entidad Foro Baleares de la Solidaridad y el Progreso, Cosme Bernat Brull, ha explicado este viernes que enviar\u00e1 una carta al consejero de Educaci\u00f3n del Gobierno balear, el socialista Mart\u00ed March, y otra al director del IES Son Cladera para intentar esclarecer unos hechos que considera \u00abgrav\u00edsimos\u00bb y que \u00abdesgraciadamente suponen una demostraci\u00f3n m\u00e1s de que el adoctrinamiento pancatalanista en Baleares se est\u00e1 convirtiendo en sistem\u00e1tico\u00bb. Por su parte, fuentes oficiales del instituto palmesano han indicado a ABC que desde la direcci\u00f3n se ha solicitado ya al profesor de \u00c9tica que retire la citada pregunta del mencionado trabajo. Dichas fuentes han se\u00f1alado que se ha tomado esta decisi\u00f3n \u00abpara evitar una posible mala interpretaci\u00f3n sobre el sentido de la cuesti\u00f3n planteada a los alumnos\u00bb. Por todo ello, \u00abla pregunta ha sido ya retirada, para no propiciar ninguna posible pol\u00e9mica o controversia, que en todo momento se ha querido evitar\u00bb.<br \/>\nVia: <a href=\"https:\/\/www.abc.es\/sociedad\/abci-colegio-palma-pidio-alumnos-etica-opinasen-sobre-presos-politicos-catalanes-201912131430_noticia.html\" target=\"_blank\">Un colegio de Palma pidi\u00f3 a los alumnos de \u00c9tica que opinasen sobre los \u00abpresos pol\u00edticos catalanes\u00bb<\/a><\/p>\n","protected":false},"excerpt":{"rendered":"<p>Los alumnos de 4\u00ba de ESO del Instituto de Ense\u00f1anza Secundaria (IES) Son Cladera de Palma han tenido que preparar esta semana un trabajo para la asignatura de \u00c9tica en el que, entre otras cuestiones, se les preguntaba si ve\u00edan semejanzas entre el argumento de la pel\u00edcula que hab\u00edan visto [&hellip;]<\/p>\n","protected":false},"author":2,"featured_media":123179,"comment_status":"open","ping_status":"closed","sticky":false,"template":"","format":"standard","meta":{"footnotes":""},"categories":[6],"tags":[],"class_list":["post-123178","post","type-post","status-publish","format-standard","has-post-thumbnail","hentry","category-spanish"],"_links":{"self":[{"href":"https:\/\/theworldwidejournal.com\/index.php?rest_route=\/wp\/v2\/posts\/123178","targetHints":{"allow":["GET"]}}],"collection":[{"href":"https:\/\/theworldwidejournal.com\/index.php?rest_route=\/wp\/v2\/posts"}],"about":[{"href":"https:\/\/theworldwidejournal.com\/index.php?rest_route=\/wp\/v2\/types\/post"}],"author":[{"embeddable":true,"href":"https:\/\/theworldwidejournal.com\/index.php?rest_route=\/wp\/v2\/users\/2"}],"replies":[{"embeddable":true,"href":"https:\/\/theworldwidejournal.com\/index.php?rest_route=%2Fwp%2Fv2%2Fcomments&post=123178"}],"version-history":[{"count":0,"href":"https:\/\/theworldwidejournal.com\/index.php?rest_route=\/wp\/v2\/posts\/123178\/revisions"}],"wp:featuredmedia":[{"embeddable":true,"href":"https:\/\/theworldwidejournal.com\/index.php?rest_route=\/wp\/v2\/media\/123179"}],"wp:attachment":[{"href":"https:\/\/theworldwidejournal.com\/index.php?rest_route=%2Fwp%2Fv2%2Fmedia&parent=123178"}],"wp:term":[{"taxonomy":"category","embeddable":true,"href":"https:\/\/theworldwidejournal.com\/index.php?rest_route=%2Fwp%2Fv2%2Fcategories&post=123178"},{"taxonomy":"post_tag","embeddable":true,"href":"https:\/\/theworldwidejournal.com\/index.php?rest_route=%2Fwp%2Fv2%2Ftags&post=123178"}],"curies":[{"name":"wp","href":"https:\/\/api.w.org\/{rel}","templated":true}]}}