{"id":123180,"date":"2019-12-13T14:09:40","date_gmt":"2019-12-13T13:09:40","guid":{"rendered":"https:\/\/theworldwidejournal.com\/2019\/12\/13\/page-y-lamban-cargan-contra-iceta-el-supremacismo-por-desgracia-esta-haciendo-estragos-en-cataluna\/"},"modified":"2019-12-13T14:09:40","modified_gmt":"2019-12-13T13:09:40","slug":"page-y-lamban-cargan-contra-iceta-el-supremacismo-por-desgracia-esta-haciendo-estragos-en-cataluna","status":"publish","type":"post","link":"https:\/\/theworldwidejournal.com\/?p=123180","title":{"rendered":"Page y Lamb\u00e1n cargan contra Iceta: \u00abEl supremacismo, por desgracia, est\u00e1 haciendo estragos en Catalu\u00f1a\u00bb"},"content":{"rendered":"<p>El socialismo espa\u00f1ol sigue siendo un partido muy diverso en su discurso territorial. Es el hecho de ocupar el poder y la ausencia de contrapesos al liderazgo de Pedro S\u00e1nchez lo que impide que el debate adquiera tintes\u00a0de revuelta interna. Pero las diferencias existen y no son cosm\u00e9ticas. El rechazo al refer\u00e9ndum de autodeterminaci\u00f3n, que en el pasado s\u00ed defendi\u00f3 el PSC, es el cord\u00f3n umbilical que mantiene unidos cuerpos extra\u00f1os. Hay poca semejanza en lo que representan Miquel Iceta o Emiliano Garc\u00eda-Page en lo que respecta al discurso territorial y a la relaci\u00f3n con las fuerzas independentistas. Cuando m\u00e1s uni\u00f3n se percibi\u00f3 en el PSOE respecto a la cuesti\u00f3n territorial fue cuando hubo que aplicar el art\u00edculo 155, que el PSC defendi\u00f3\u00a0pese a que no obviaron referencias respecto al trauma que supon\u00eda en t\u00e9rminos pol\u00edticos. Tambi\u00e9n para sus intereses. Pero es en el d\u00eda despu\u00e9s, en c\u00f3mo gestionar el futuro y hasta qu\u00e9 punto los independentistas pueden o no ser socios del PSOE cuando vuelven los problemas. S\u00e1nchez plantea ahora un Gobierno con Unidas Podemos dependiente de los independentistas, aunque sigue apelando a la abstenci\u00f3n del PP. Esa f\u00f3rmula es la que lo maniat\u00f3 en 2016 y la que su partido impidi\u00f3 que explorara. Ahora tiene el poder en el partido para llevarlo en esa direcci\u00f3n. Pero los protagonistas de aquellos d\u00edas de fractura total en el PSOE siguen siendo los mismos. Y la divisi\u00f3n vuelve a hacerse ahora patente. La diferencia respecto a entonces es que ahora no afecta al liderazgo del partido. Hoy mismo ha sido una buena muestra de ello. Las palabras de Emiliano Garc\u00eda-Page sobre su esperanza en no recibir vaselina como regalo estas navidades para poder encajar mejor un eventual acuerdo con ERC no han sentado bien en muchos \u00e1mbitos del partido, que las han tildado adem\u00e1s de machistas y hom\u00f3fobas. P\u00fablicamente esta ma\u00f1ana como \u00abinoportunas ni propias de un presidente auton\u00f3mico\u00bb esas palabras y destac\u00f3 que que \u00absin di\u00e1logo con todos, no vamos a ninguna parte\u00bb. En una entrevista en Catalunya Radio esta ma\u00f1ana Iceta ha avalado el planteamiento de Oriol Junqueras de una negociaci\u00f3n mediante una mesa entre gobiernos: \u00abUna mesa de negociaci\u00f3n, y si ERC la quiere entre gobiernos, entre gobiernos\u00bb, ha dicho. \u00abUna reuni\u00f3n entre gobiernos es una reuni\u00f3n bilateral, se encuentren donde se encuentren. Si fuese en el Congreso, en el Parlament o en el Senado tambi\u00e9n me parecer\u00eda bien. Yo lo que quiero es el di\u00e1logo\u00bb, ha insistido Iceta. Los presidentes de Castilla-La Mancha y de Arag\u00f3n, Emiliano Garc\u00eda-Page y Javier Lamb\u00e1n, respectivamente, reaccionaron este viernes con contundencia a las cr\u00edticas que recibieron del primer secretario del PSC, Miquel Iceta. El primero le espet\u00f3 que \u00absobre Espa\u00f1a, hablamos todos los espa\u00f1oles y todo el PSOE\u00bb, mientras que el segundo le acus\u00f3 de dejarse llevar por el \u00absupremacismo\u00bb del independentismo. Page reaccion\u00f3 de esta manera durante la inauguraci\u00f3n del pabell\u00f3n polideportivo del CEIP Parque de la Mu\u00f1eca en Guadalajara, despu\u00e9s de que Iceta aprovechase una entrevista en TVE para calificar como \u00abinoportunas ni propias de un presidente auton\u00f3mico\u00bb tanto sus declaraciones como las de Lamb\u00e1n sobre las negociaciones que el PSOE mantiene con ERC para conseguir la investidura de Pedro S\u00e1nchez. Lamb\u00e1n se\u00f1al\u00f3, en su momento, que ERC es un \u00abpartido indeseable para la gobernabilidad\u00bb, mientras que Page fue m\u00e1s escatol\u00f3gico al afirmar que no desea recibir \u00abvaselina\u00bb como regalo de Reyes. Ante esta situaci\u00f3n, el presidente castellano-manchego record\u00f3 a Iceta que \u00absobre Espa\u00f1a, hablamos todos los espa\u00f1oles y todo el PSOE\u00bb y le traslad\u00f3 su deseo de verse defendido por el primer secretario del PSC \u00abante tanto insulto y ataque que recibo, tanto yo como otros presidentes auton\u00f3micos, por defender la igualdad y la unidad de Espa\u00f1a\u00bb. Abund\u00f3 en que \u00e9l nunca ha calificado de \u00abxen\u00f3fobo\u00bb a Torra \u00aby hay quien s\u00ed lo ha hecho, y no he visto protestar a Iceta\u00bb. A su vez, se pregunt\u00f3 si hay que esperar a que veten a Iceta en el Senado para poder criticar a los independentistas. \u00ab\u00bfEntonces s\u00ed que vale decir que Espa\u00f1a no puede depender de los independentistas? Yo sigo diciendo lo mismo que hace tres semanas, tres a\u00f1os y lo seguir\u00e9 diciendo los pr\u00f3ximos treinta\u00bb, remach\u00f3. Por su parte, Lamb\u00e1n fue m\u00e1s concreto en su respuesta a Iceta durante la presentaci\u00f3n en el Museo de Zaragoza de los siete cascos celt\u00edberos recuperandos del yacimiento aragon\u00e9s de Ar\u00e1kitos, que hasta ahora se exhib\u00edan en el Museo de Mougins (Francia). El presidente aragon\u00e9s fue rotundo al comentar que \u00abnegarnos el derecho a opinar a los dem\u00e1s, a los espa\u00f1oles, era propio de los independentistas catalanes, y propiamente suyo, pero estoy viendo que el supremacismo, por desgracia, est\u00e1 haciendo estragos en Catalu\u00f1a\u00bb.<br \/>\nVia: <a href=\"https:\/\/www.abc.es\/espana\/abci-page-y-lamban-cargan-contra-iceta-supremacismo-desgracia-esta-haciendo-estragos-cataluna-201912131409_noticia.html\" target=\"_blank\">Page y Lamb\u00e1n cargan contra Iceta: \u00abEl supremacismo, por desgracia, est\u00e1 haciendo estragos en Catalu\u00f1a\u00bb<\/a><\/p>\n","protected":false},"excerpt":{"rendered":"<p>El socialismo espa\u00f1ol sigue siendo un partido muy diverso en su discurso territorial. Es el hecho de ocupar el poder y la ausencia de contrapesos al liderazgo de Pedro S\u00e1nchez lo que impide que el debate adquiera tintes\u00a0de revuelta interna. Pero las diferencias existen y no son cosm\u00e9ticas. El rechazo [&hellip;]<\/p>\n","protected":false},"author":2,"featured_media":123181,"comment_status":"open","ping_status":"closed","sticky":false,"template":"","format":"standard","meta":{"footnotes":""},"categories":[6],"tags":[],"class_list":["post-123180","post","type-post","status-publish","format-standard","has-post-thumbnail","hentry","category-spanish"],"_links":{"self":[{"href":"https:\/\/theworldwidejournal.com\/index.php?rest_route=\/wp\/v2\/posts\/123180","targetHints":{"allow":["GET"]}}],"collection":[{"href":"https:\/\/theworldwidejournal.com\/index.php?rest_route=\/wp\/v2\/posts"}],"about":[{"href":"https:\/\/theworldwidejournal.com\/index.php?rest_route=\/wp\/v2\/types\/post"}],"author":[{"embeddable":true,"href":"https:\/\/theworldwidejournal.com\/index.php?rest_route=\/wp\/v2\/users\/2"}],"replies":[{"embeddable":true,"href":"https:\/\/theworldwidejournal.com\/index.php?rest_route=%2Fwp%2Fv2%2Fcomments&post=123180"}],"version-history":[{"count":0,"href":"https:\/\/theworldwidejournal.com\/index.php?rest_route=\/wp\/v2\/posts\/123180\/revisions"}],"wp:featuredmedia":[{"embeddable":true,"href":"https:\/\/theworldwidejournal.com\/index.php?rest_route=\/wp\/v2\/media\/123181"}],"wp:attachment":[{"href":"https:\/\/theworldwidejournal.com\/index.php?rest_route=%2Fwp%2Fv2%2Fmedia&parent=123180"}],"wp:term":[{"taxonomy":"category","embeddable":true,"href":"https:\/\/theworldwidejournal.com\/index.php?rest_route=%2Fwp%2Fv2%2Fcategories&post=123180"},{"taxonomy":"post_tag","embeddable":true,"href":"https:\/\/theworldwidejournal.com\/index.php?rest_route=%2Fwp%2Fv2%2Ftags&post=123180"}],"curies":[{"name":"wp","href":"https:\/\/api.w.org\/{rel}","templated":true}]}}