{"id":123184,"date":"2019-12-13T12:52:29","date_gmt":"2019-12-13T11:52:29","guid":{"rendered":"https:\/\/theworldwidejournal.com\/2019\/12\/13\/los-reyes-y-sus-hijas-vuelven-a-felicitar-la-navidad-desde-asturias\/"},"modified":"2019-12-13T12:52:29","modified_gmt":"2019-12-13T11:52:29","slug":"los-reyes-y-sus-hijas-vuelven-a-felicitar-la-navidad-desde-asturias","status":"publish","type":"post","link":"https:\/\/theworldwidejournal.com\/?p=123184","title":{"rendered":"Los Reyes y sus hijas vuelven a felicitar la Navidad desde Asturias"},"content":{"rendered":"<p>Los Reyes han elegido para felicitar esta Navidad y el A\u00f1o Nuevo una foto en la que aparecen con sus hijas, la Princesa de Asturias, de catorce a\u00f1os, y la Infanta Sof\u00eda, de doce, en Asiego, la aldea asturiana de los Picos de Europa que visitaron el pasado mes de octubre para entregarle el premio al Pueblo Ejemplar. Esta es la segunda ocasi\u00f3n consecutiva que la Familia Real escoge una imagen tomada en Asturias para felicitar las Navidades, ya que el a\u00f1o pasado tambi\u00e9n lo hicieron con una foto realizada en el Parque Nacional de los Picos de Europa. Ambas im\u00e1genes aluden a dos momentos muy relevantes en la vida de la Heredera de la Corona. Mientras que el a\u00f1o pasado la foto fue tomada despu\u00e9s de que la Princesa visitara por primera vez la Bas\u00edlica de Covadonga, y renovara el lazo afectivo, din\u00e1stico e hist\u00f3rico que tienen todos los Herederos con esta virgen; en esta ocasi\u00f3n la imagen se hizo al d\u00eda siguiente de que Leonor pronunciara su primer discurso en p\u00fablico, acto que tuvo lugar en el Teatro Campoamor durante la entrega de los premios Princesa de Asturias. Don Juan Carlos y Do\u00f1a Sof\u00eda tambi\u00e9n han vuelto a elegir una foto en la que salen juntos, como hicieron la pasada Navidad, despu\u00e9s de varios a\u00f1os (entre 2007 y 2017) en los que felicitaban las fiestas con fotograf\u00edas de obras de arte de Patrimonio Nacional. La imagen confirma la buena sinton\u00eda de los padres del Rey. Esta imagen fue tomada el pasado verano en el Club N\u00e1utico de Sanxenxo (Pontevedra). Como es tradicional en estas fechas, el Palacio de La Zarzuela ha dado a conocer este viernes las felicitaciones que ha empezado a enviar la Familia Real a las distintas personas, asociaciones e instituciones con las que han guardado relaci\u00f3n a lo largo del a\u00f1o.<br \/>\nVia: <a href=\"https:\/\/www.abc.es\/espana\/casa-real\/abci-reyes-y-hijas-vuelven-felicitar-navidad-desde-asturias-201912131252_noticia.html\" target=\"_blank\">Los Reyes y sus hijas vuelven a felicitar la Navidad desde Asturias<\/a><\/p>\n","protected":false},"excerpt":{"rendered":"<p>Los Reyes han elegido para felicitar esta Navidad y el A\u00f1o Nuevo una foto en la que aparecen con sus hijas, la Princesa de Asturias, de catorce a\u00f1os, y la Infanta Sof\u00eda, de doce, en Asiego, la aldea asturiana de los Picos de Europa que visitaron el pasado mes de [&hellip;]<\/p>\n","protected":false},"author":2,"featured_media":123185,"comment_status":"open","ping_status":"closed","sticky":false,"template":"","format":"standard","meta":{"footnotes":""},"categories":[6],"tags":[],"class_list":["post-123184","post","type-post","status-publish","format-standard","has-post-thumbnail","hentry","category-spanish"],"_links":{"self":[{"href":"https:\/\/theworldwidejournal.com\/index.php?rest_route=\/wp\/v2\/posts\/123184","targetHints":{"allow":["GET"]}}],"collection":[{"href":"https:\/\/theworldwidejournal.com\/index.php?rest_route=\/wp\/v2\/posts"}],"about":[{"href":"https:\/\/theworldwidejournal.com\/index.php?rest_route=\/wp\/v2\/types\/post"}],"author":[{"embeddable":true,"href":"https:\/\/theworldwidejournal.com\/index.php?rest_route=\/wp\/v2\/users\/2"}],"replies":[{"embeddable":true,"href":"https:\/\/theworldwidejournal.com\/index.php?rest_route=%2Fwp%2Fv2%2Fcomments&post=123184"}],"version-history":[{"count":0,"href":"https:\/\/theworldwidejournal.com\/index.php?rest_route=\/wp\/v2\/posts\/123184\/revisions"}],"wp:featuredmedia":[{"embeddable":true,"href":"https:\/\/theworldwidejournal.com\/index.php?rest_route=\/wp\/v2\/media\/123185"}],"wp:attachment":[{"href":"https:\/\/theworldwidejournal.com\/index.php?rest_route=%2Fwp%2Fv2%2Fmedia&parent=123184"}],"wp:term":[{"taxonomy":"category","embeddable":true,"href":"https:\/\/theworldwidejournal.com\/index.php?rest_route=%2Fwp%2Fv2%2Fcategories&post=123184"},{"taxonomy":"post_tag","embeddable":true,"href":"https:\/\/theworldwidejournal.com\/index.php?rest_route=%2Fwp%2Fv2%2Ftags&post=123184"}],"curies":[{"name":"wp","href":"https:\/\/api.w.org\/{rel}","templated":true}]}}