{"id":123211,"date":"2019-12-13T18:53:30","date_gmt":"2019-12-13T17:53:30","guid":{"rendered":"https:\/\/theworldwidejournal.com\/2019\/12\/13\/agression-dun-etudiant-israelien-dans-le-metro-parisien-le-motif-antisemite-pas-etabli-a-ce-stade\/"},"modified":"2019-12-13T18:53:30","modified_gmt":"2019-12-13T17:53:30","slug":"agression-dun-etudiant-israelien-dans-le-metro-parisien-le-motif-antisemite-pas-etabli-a-ce-stade","status":"publish","type":"post","link":"https:\/\/theworldwidejournal.com\/?p=123211","title":{"rendered":"Agression d&#8217;un \u00e9tudiant isra\u00e9lien dans le m\u00e9tro parisien : le motif antis\u00e9mite pas \u00e9tabli \u00e0 ce stade"},"content":{"rendered":"<p>Lundi, un \u00e9tudiant isra\u00e9lien, Yogev B. a \u00e9t\u00e9 violemment agress\u00e9 dans le m\u00e9tro parisien, alors qu&#8217;il parlait h\u00e9breu au t\u00e9l\u00e9phone. Un mineur a \u00e9t\u00e9 mis en examen, mais pour l&#8217;heure le motif antis\u00e9mite n&#8217;a pas \u00e9t\u00e9 \u00e9tabli par l&#8217;enqu\u00eate.<br \/>\nVia: <a href=\"https:\/\/www.liberation.fr\/checknews\/2019\/12\/13\/agression-d-un-etudiant-israelien-dans-le-metro-parisien-le-motif-antisemite-pas-etabli-a-ce-stade_1768995?xtor=rss-450\" target=\"_blank\">Agression d&#8217;un \u00e9tudiant isra\u00e9lien dans le m\u00e9tro parisien : le motif antis\u00e9mite pas \u00e9tabli \u00e0 ce stade<\/a><\/p>\n","protected":false},"excerpt":{"rendered":"<p>Lundi, un \u00e9tudiant isra\u00e9lien, Yogev B. a \u00e9t\u00e9 violemment agress\u00e9 dans le m\u00e9tro parisien, alors qu&#8217;il parlait h\u00e9breu au t\u00e9l\u00e9phone. Un mineur a \u00e9t\u00e9 mis en examen, mais pour l&#8217;heure le motif antis\u00e9mite n&#8217;a pas \u00e9t\u00e9 \u00e9tabli par l&#8217;enqu\u00eate. Via: Agression d&#8217;un \u00e9tudiant isra\u00e9lien dans le m\u00e9tro parisien : le [&hellip;]<\/p>\n","protected":false},"author":2,"featured_media":0,"comment_status":"open","ping_status":"closed","sticky":false,"template":"","format":"standard","meta":{"footnotes":""},"categories":[4],"tags":[],"class_list":["post-123211","post","type-post","status-publish","format-standard","hentry","category-french"],"_links":{"self":[{"href":"https:\/\/theworldwidejournal.com\/index.php?rest_route=\/wp\/v2\/posts\/123211","targetHints":{"allow":["GET"]}}],"collection":[{"href":"https:\/\/theworldwidejournal.com\/index.php?rest_route=\/wp\/v2\/posts"}],"about":[{"href":"https:\/\/theworldwidejournal.com\/index.php?rest_route=\/wp\/v2\/types\/post"}],"author":[{"embeddable":true,"href":"https:\/\/theworldwidejournal.com\/index.php?rest_route=\/wp\/v2\/users\/2"}],"replies":[{"embeddable":true,"href":"https:\/\/theworldwidejournal.com\/index.php?rest_route=%2Fwp%2Fv2%2Fcomments&post=123211"}],"version-history":[{"count":0,"href":"https:\/\/theworldwidejournal.com\/index.php?rest_route=\/wp\/v2\/posts\/123211\/revisions"}],"wp:attachment":[{"href":"https:\/\/theworldwidejournal.com\/index.php?rest_route=%2Fwp%2Fv2%2Fmedia&parent=123211"}],"wp:term":[{"taxonomy":"category","embeddable":true,"href":"https:\/\/theworldwidejournal.com\/index.php?rest_route=%2Fwp%2Fv2%2Fcategories&post=123211"},{"taxonomy":"post_tag","embeddable":true,"href":"https:\/\/theworldwidejournal.com\/index.php?rest_route=%2Fwp%2Fv2%2Ftags&post=123211"}],"curies":[{"name":"wp","href":"https:\/\/api.w.org\/{rel}","templated":true}]}}