{"id":123248,"date":"2019-12-14T00:17:44","date_gmt":"2019-12-13T23:17:44","guid":{"rendered":"https:\/\/theworldwidejournal.com\/2019\/12\/14\/infierno-vecinal-en-parla-okupados-260-pisos-con-coches-quemados-reyertas-y-aguas-fecales\/"},"modified":"2019-12-14T00:17:44","modified_gmt":"2019-12-13T23:17:44","slug":"infierno-vecinal-en-parla-okupados-260-pisos-con-coches-quemados-reyertas-y-aguas-fecales","status":"publish","type":"post","link":"https:\/\/theworldwidejournal.com\/?p=123248","title":{"rendered":"Infierno vecinal en Parla: okupados 260 pisos, con coches quemados, reyertas y aguas fecales"},"content":{"rendered":"<p>El olor a neum\u00e1tico chamuscado inunda una de las calles de Parla desde hace tres d\u00edas. La noche del martes, un incendio calcin\u00f3 siete coches en el garaje del bloque de viviendas de Fuente Arenosa, 1. Pero, al margen del destrozo ocasionado por las llamas, el edificio de 280 viviendas sociales, en el que solo una veintena de inquilinos residen de forma legal, parece sacado de una distop\u00eda de ciencia ficci\u00f3n. Despu\u00e9s del incidente, varios carteles advierten de que no se puede acceder al s\u00f3tano hasta nuevo aviso de la Polic\u00eda. No obstante, las puertas del garaje est\u00e1n abiertas de par en par, as\u00ed como las de los portales. Tampoco hay telefonillos, rotos, ni extintores, vaciados por alg\u00fan v\u00e1ndalo hace tiempo. Aunque eso es un problema que viene de largo. \u00abEstamos en absoluto abandono\u00bb, comenta una vecina, una de las pocas que paga el alquiler de su quinto piso desde hace doce a\u00f1os. Si bien hace tres a\u00f1os la vida en el n\u00famero 1 de Fuente Arenosa \u00abera una maravilla\u00bb, ahora \u00abes la ciudad sin ley\u00bb, asevera Mar\u00eda Teresa, una inquilina, tambi\u00e9n legal, de 75 a\u00f1os. Culpa a los okupas del deterioro de su hogar, invadido a diario por personas desconocidas, que gritan, fuman porros y, a veces, se enfrentan entre ellos en el patio de la urbanizaci\u00f3n. \u00abAqu\u00ed ha habido pu\u00f1aladas y tiros\u00bb, cuenta Mar\u00eda Teresa, antes de marchar a casa de su hija \u2013que vive en otro bloque del barrio\u2013 para poder ducharse con agua caliente. El fuego ha destrozado la instalaci\u00f3n el\u00e9ctrica del edificio y los vecinos no tienen calefacci\u00f3n, internet ni televisi\u00f3n por cable. Sin embargo, el incendio no es el problema, aunque ya es el tercero que asola sus casas, seg\u00fan cuentan los inquilinos a ABC. Un hombre mayor habla de \u00abbatallas campales\u00bb y de \u00abcarreras de coches en el garaje\u00bb, donde la Polic\u00eda lleg\u00f3 a encontrar hasta \u00ab35 coches robados\u00bb, seg\u00fan cuenta una vecina. \u00abLo primero es la seguridad\u00bb, dice Al\u00ed, un marroqu\u00ed de 34 a\u00f1os que okup\u00f3 junto a su mujer el edificio hace tres, pero que ahora ya paga el alquiler. \u00abLo \u00fanico que quiero es salir de casa y, cuando vuelva, que todo est\u00e9 tranquilo\u00bb, asegura otra inquilina. \u00abDejadez\u00bb de Sareb La preocupaci\u00f3n de los vecinos crece. De hecho, ayer pululaban por el edificio varios instaladores de alarmas de seguridad, que hab\u00edan llamado los vecinos que s\u00ed pagan por vivir en sus casas. \u00abCuando hemos llegado, uno casi nos ense\u00f1a un fajo de billetes y una bolsa de coca\u00edna\u00bb, explic\u00f3 a ABC uno de los empleados. \u00abEs un peligro desde hace tres a\u00f1os, todos los d\u00edas est\u00e1 aqu\u00ed la Polic\u00eda\u00bb, corrobora Mar\u00eda Alonso, una joven de 21 a\u00f1os que vive con su madre. A. G. tambi\u00e9n califica la situaci\u00f3n de \u00abgravedad extrema\u00bb. Aunque esta mujer de 44 a\u00f1os, que convive con su marido, un perro y dos gatos, no culpa a los okupas. \u00abEs una dejadez de mantenimiento por parte de Sareb\u00bb, espeta. Muchos vecinos prefieren mantenerse en el anonimato al hablar de este asunto. Temen represalias por parte de la gestora de las viviendas, la inmobiliaria Solvia, y la propietaria del edificio, la sociedad de gesti\u00f3n de activos Sareb. A. G., que vive en el bloque desde hace once a\u00f1os \u2013insiste en que su contrato presenta \u00abcl\u00e1usulas abusivas\u00bb\u2013, asegura que Solvia prometi\u00f3, el pasado junio, aumentar el presupuesto para acondicionar y reformar el inmueble. \u00abEst\u00e1 peor\u00bb, critica. \u00abEstoy harta de hablar con Solvia y Sareb, se lavan las manos como Pilato\u00bb, denuncia Mar\u00eda Teresa. \u00abSareb est\u00e1 intimidando a los legales para quedarse con el edificio\u00bb, asegura. Y la mayor\u00eda comparten esta opini\u00f3n: \u00abQuieren echarnos\u00bb. Ayer, despu\u00e9s de que la Unidad de Polic\u00eda Cient\u00edfica investigara los restos del desastre ocasionado por el fuego, una mujer se plant\u00f3 en el garaje para comprobar el estado del coche de su padre. A las 3.40 horas del martes, los vecinos escucharon un \u00abpetardazo\u00bb. Esta joven corri\u00f3 al garaje y consigui\u00f3 salvar su coche de las llamas, pero el Seat blanco de su padre no tuvo la misma suerte. \u00abNo es agradable vivir aqu\u00ed, nos llevamos sustos\u00bb, dice esta vecina, que reside en el edificio desde hace un a\u00f1o y tres meses. Un \u00abcortocircuito\u00bb Los bomberos acudieron al edificio para sofocar las llamas del garaje, pero no desalojaron el inmueble. As\u00ed, varios vecinos se intoxicaron, y describen c\u00f3mo expulsaron el primer d\u00eda \u00abmucosidades negras\u00bb por el humo. Una vez se marcharon ayer los polic\u00edas, un hombre de mantenimiento traslad\u00f3 a los vecinos que el fuego se hab\u00eda desatado por un cortocircuito, al derramarse el agua de una gotera sobre la instalaci\u00f3n el\u00e9ctrica del techo del s\u00f3tano. Mientras la Jefatura Superior de Polic\u00eda Nacional asegura desconocer el origen del incendio, muchos vecinos corroboran esa primera versi\u00f3n. De hecho, ense\u00f1an una pared con aguas fecales que da al patio. \u00abEs una bajante sin arreglar desde enero del a\u00f1o pasado\u00bb, dice A. G. Por su parte, y a ra\u00edz de este \u00faltimo incidente, Sareb asegura que se est\u00e1n tomando las medidas oportunas. En cuanto a las okupaciones, explica que contin\u00faan y no pueden hacer nada al respecto, pues est\u00e1n en manos judiciales. Mientras, este diario ha intentado contactar con Solvia, la gestora del inmueble y en la diana de las cr\u00edticas vecinales, que promete ofrecer en unos d\u00edas datos e informaci\u00f3n sobre lo acaecido.<br \/>\nVia: <a href=\"https:\/\/www.abc.es\/espana\/madrid\/abci-infierno-vecinal-parla-okupados-260-pisos-coches-quemados-reyertas-y-aguas-fecales-201912140017_noticia.html\" target=\"_blank\">Infierno vecinal en Parla: okupados 260 pisos, con coches quemados, reyertas y aguas fecales<\/a><\/p>\n","protected":false},"excerpt":{"rendered":"<p>El olor a neum\u00e1tico chamuscado inunda una de las calles de Parla desde hace tres d\u00edas. La noche del martes, un incendio calcin\u00f3 siete coches en el garaje del bloque de viviendas de Fuente Arenosa, 1. Pero, al margen del destrozo ocasionado por las llamas, el edificio de 280 viviendas [&hellip;]<\/p>\n","protected":false},"author":2,"featured_media":123249,"comment_status":"open","ping_status":"closed","sticky":false,"template":"","format":"standard","meta":{"footnotes":""},"categories":[6],"tags":[],"class_list":["post-123248","post","type-post","status-publish","format-standard","has-post-thumbnail","hentry","category-spanish"],"_links":{"self":[{"href":"https:\/\/theworldwidejournal.com\/index.php?rest_route=\/wp\/v2\/posts\/123248","targetHints":{"allow":["GET"]}}],"collection":[{"href":"https:\/\/theworldwidejournal.com\/index.php?rest_route=\/wp\/v2\/posts"}],"about":[{"href":"https:\/\/theworldwidejournal.com\/index.php?rest_route=\/wp\/v2\/types\/post"}],"author":[{"embeddable":true,"href":"https:\/\/theworldwidejournal.com\/index.php?rest_route=\/wp\/v2\/users\/2"}],"replies":[{"embeddable":true,"href":"https:\/\/theworldwidejournal.com\/index.php?rest_route=%2Fwp%2Fv2%2Fcomments&post=123248"}],"version-history":[{"count":0,"href":"https:\/\/theworldwidejournal.com\/index.php?rest_route=\/wp\/v2\/posts\/123248\/revisions"}],"wp:featuredmedia":[{"embeddable":true,"href":"https:\/\/theworldwidejournal.com\/index.php?rest_route=\/wp\/v2\/media\/123249"}],"wp:attachment":[{"href":"https:\/\/theworldwidejournal.com\/index.php?rest_route=%2Fwp%2Fv2%2Fmedia&parent=123248"}],"wp:term":[{"taxonomy":"category","embeddable":true,"href":"https:\/\/theworldwidejournal.com\/index.php?rest_route=%2Fwp%2Fv2%2Fcategories&post=123248"},{"taxonomy":"post_tag","embeddable":true,"href":"https:\/\/theworldwidejournal.com\/index.php?rest_route=%2Fwp%2Fv2%2Ftags&post=123248"}],"curies":[{"name":"wp","href":"https:\/\/api.w.org\/{rel}","templated":true}]}}