{"id":123252,"date":"2019-12-13T21:07:56","date_gmt":"2019-12-13T20:07:56","guid":{"rendered":"https:\/\/theworldwidejournal.com\/2019\/12\/13\/iceta-ve-cataluna-como-sujeto-politico-no-independiente\/"},"modified":"2019-12-13T21:07:56","modified_gmt":"2019-12-13T20:07:56","slug":"iceta-ve-cataluna-como-sujeto-politico-no-independiente","status":"publish","type":"post","link":"https:\/\/theworldwidejournal.com\/?p=123252","title":{"rendered":"Iceta ve Catalu\u00f1a como \u00absujeto pol\u00edtico no independiente\u00bb"},"content":{"rendered":"<p>Est\u00e1 claro que hay parte de la familia socialista que empuja a favor del acuerdo de investidura entre el PSOE y ERC, y otra que rema en contra. Entre los primeros, y de manera decidida, est\u00e1 el primer secretario del PSC, Miquel Iceta, que este viernes en la apertura del 14\u00ba congreso del partido ha asegurado que har\u00e1 \u00ablo que haga falta, incluso mordernos la lengua\u00bb para que haya un Gobierno progresista. \u00abQueremos que el PSOE sepa, y muy concretamente Pedro S\u00e1nchez, que tiene donde le haga falta a todo el PSC empujando en la misma direcci\u00f3n, y lo hacemos por Catalu\u00f1a, por Espa\u00f1a, por el socialismo y el di\u00e1logo\u00bb, ha apuntado Iceta, que el domingo ser\u00e1 reelegido como m\u00e1ximo dirigente de los socialistas catalanes en un congreso en el que no se han presentado liderazgos alternativos. Para Iceta, hacer \u00ablo que haga falta\u00bb pasa por ejemplo por avalar la mesa de di\u00e1logo entre gobiernos, que es una de las exigencias que plantea el independentismo a Pedro S\u00e1nchez. \u00abUna reuni\u00f3n entre gobiernos es una reuni\u00f3n bilateral, se encuentren donde se encuentren. Si fuese en el Congreso, en el Parlament o en el Senado tambi\u00e9n me parecer\u00eda bien. Yo lo que quiero es el di\u00e1logo\u00bb, ha apuntado Iceta en Catalunya R\u00e0dio horas antes de inaugurar el congreso. All\u00ed, y durante la presentaci\u00f3n del informe de gesti\u00f3n, Iceta se ha reafirmado en este mensaje. \u00abEl 10 de noviembre, la ciudadan\u00eda mand\u00f3 un doble mensaje: hacer un gobierno progresista y hacer un gobierno dialogante. Y hoy, en esta Espa\u00f1a de 2019 tocando a 2020, solo hay un Gobierno que pueda cumplir con este doble mandato electoral\u00bb, ha apuntado. \u00abCatalu\u00f1a naci\u00f3n\u00bb En este contexto, Iceta ha pedido un amplio acuerdo pol\u00edtico en el que \u00abCatalu\u00f1a sea reconocida como naci\u00f3n, como sujeto pol\u00edtico no independiente, pero s\u00ed con voluntad de ejercer su autogobierno\u00bb, una mejor financiaci\u00f3n y respeto para sus competencias. El reconocimiento de Catalu\u00f1a como naci\u00f3n sigue recogido en el programa marco del partido que se aprobar\u00e1 este fin de semana, algo que, se asume, en el contexto actual puede generar susceptibilidades con el PSOE. Es por ello que, con cierto \u00e1nimo de evitar lecturas intencionadas, y como ha adelantado hoy \u00abLa Vanguardia\u00bb y han confirmado fuentes del partido a ABC, se podr\u00eda optar por incluir en esa misma ponencia la definici\u00f3n de Espa\u00f1a como \u00abnaci\u00f3n de naciones\u00bb, tal y como PSOE y PSC ya concretaron en la llamada Declaraci\u00f3n de Barcelona. Otra de las novedades del congreso es la referencia a la inmersi\u00f3n ling\u00fc\u00edstica, que se pretende flexibilizar. No obstante, y ante las cr\u00edticas recibidas, el PSC seguir\u00e1 reconociendo el catal\u00e1n como \u00ablengua vehicular\u00bb. \u00abQue no se equivoquen ni unos ni otros. Queremos una mejor pol\u00edtica ling\u00fc\u00edstica en las escuelas porque amamos el catal\u00e1n, el castellano y las amamos en igualdad\u00bb, a\u00f1adi\u00f3 Iceta.<br \/>\nVia: <a href=\"https:\/\/www.abc.es\/espana\/abci-iceta-cataluna-como-sujeto-politico-no-independiente-201912132107_noticia.html\" target=\"_blank\">Iceta ve Catalu\u00f1a como \u00absujeto pol\u00edtico no independiente\u00bb<\/a><\/p>\n","protected":false},"excerpt":{"rendered":"<p>Est\u00e1 claro que hay parte de la familia socialista que empuja a favor del acuerdo de investidura entre el PSOE y ERC, y otra que rema en contra. Entre los primeros, y de manera decidida, est\u00e1 el primer secretario del PSC, Miquel Iceta, que este viernes en la apertura del [&hellip;]<\/p>\n","protected":false},"author":2,"featured_media":123253,"comment_status":"open","ping_status":"closed","sticky":false,"template":"","format":"standard","meta":{"footnotes":""},"categories":[6],"tags":[],"class_list":["post-123252","post","type-post","status-publish","format-standard","has-post-thumbnail","hentry","category-spanish"],"_links":{"self":[{"href":"https:\/\/theworldwidejournal.com\/index.php?rest_route=\/wp\/v2\/posts\/123252","targetHints":{"allow":["GET"]}}],"collection":[{"href":"https:\/\/theworldwidejournal.com\/index.php?rest_route=\/wp\/v2\/posts"}],"about":[{"href":"https:\/\/theworldwidejournal.com\/index.php?rest_route=\/wp\/v2\/types\/post"}],"author":[{"embeddable":true,"href":"https:\/\/theworldwidejournal.com\/index.php?rest_route=\/wp\/v2\/users\/2"}],"replies":[{"embeddable":true,"href":"https:\/\/theworldwidejournal.com\/index.php?rest_route=%2Fwp%2Fv2%2Fcomments&post=123252"}],"version-history":[{"count":0,"href":"https:\/\/theworldwidejournal.com\/index.php?rest_route=\/wp\/v2\/posts\/123252\/revisions"}],"wp:featuredmedia":[{"embeddable":true,"href":"https:\/\/theworldwidejournal.com\/index.php?rest_route=\/wp\/v2\/media\/123253"}],"wp:attachment":[{"href":"https:\/\/theworldwidejournal.com\/index.php?rest_route=%2Fwp%2Fv2%2Fmedia&parent=123252"}],"wp:term":[{"taxonomy":"category","embeddable":true,"href":"https:\/\/theworldwidejournal.com\/index.php?rest_route=%2Fwp%2Fv2%2Fcategories&post=123252"},{"taxonomy":"post_tag","embeddable":true,"href":"https:\/\/theworldwidejournal.com\/index.php?rest_route=%2Fwp%2Fv2%2Ftags&post=123252"}],"curies":[{"name":"wp","href":"https:\/\/api.w.org\/{rel}","templated":true}]}}