{"id":123273,"date":"2019-12-14T14:38:35","date_gmt":"2019-12-14T13:38:35","guid":{"rendered":"https:\/\/theworldwidejournal.com\/2019\/12\/14\/emilie-delorme-premiere-femme-nommee-a-la-tete-du-conservatoire-de-paris\/"},"modified":"2019-12-14T14:38:35","modified_gmt":"2019-12-14T13:38:35","slug":"emilie-delorme-premiere-femme-nommee-a-la-tete-du-conservatoire-de-paris","status":"publish","type":"post","link":"https:\/\/theworldwidejournal.com\/?p=123273","title":{"rendered":"Emilie Delorme, premi\u00e8re femme nomm\u00e9e \u00e0 la t\u00eate du Conservatoire de\u00a0Paris"},"content":{"rendered":"<p>Les rumeurs sur sa nomination avaient d\u00e9clench\u00e9 une lev\u00e9e de boucliers, des m\u00e9dias critiquant ses positions id\u00e9ologiques tr\u00e8s marqu\u00e9es en mati\u00e8re de d\u00e9fense de la parit\u00e9 et de la diversit\u00e9.<br \/>\nVia: <a href=\"https:\/\/www.lemonde.fr\/culture\/article\/2019\/12\/14\/emilie-delorme-premiere-femme-nommee-a-la-tete-du-conservatoire-de-paris_6022887_3246.html\" target=\"_blank\">Emilie Delorme, premi\u00e8re femme nomm\u00e9e \u00e0 la t\u00eate du Conservatoire de\u00a0Paris<\/a><\/p>\n","protected":false},"excerpt":{"rendered":"<p>Les rumeurs sur sa nomination avaient d\u00e9clench\u00e9 une lev\u00e9e de boucliers, des m\u00e9dias critiquant ses positions id\u00e9ologiques tr\u00e8s marqu\u00e9es en mati\u00e8re de d\u00e9fense de la parit\u00e9 et de la diversit\u00e9. Via: Emilie Delorme, premi\u00e8re femme nomm\u00e9e \u00e0 la t\u00eate du Conservatoire de\u00a0Paris<\/p>\n","protected":false},"author":2,"featured_media":0,"comment_status":"open","ping_status":"closed","sticky":false,"template":"","format":"standard","meta":{"footnotes":""},"categories":[4],"tags":[],"class_list":["post-123273","post","type-post","status-publish","format-standard","hentry","category-french"],"_links":{"self":[{"href":"https:\/\/theworldwidejournal.com\/index.php?rest_route=\/wp\/v2\/posts\/123273","targetHints":{"allow":["GET"]}}],"collection":[{"href":"https:\/\/theworldwidejournal.com\/index.php?rest_route=\/wp\/v2\/posts"}],"about":[{"href":"https:\/\/theworldwidejournal.com\/index.php?rest_route=\/wp\/v2\/types\/post"}],"author":[{"embeddable":true,"href":"https:\/\/theworldwidejournal.com\/index.php?rest_route=\/wp\/v2\/users\/2"}],"replies":[{"embeddable":true,"href":"https:\/\/theworldwidejournal.com\/index.php?rest_route=%2Fwp%2Fv2%2Fcomments&post=123273"}],"version-history":[{"count":0,"href":"https:\/\/theworldwidejournal.com\/index.php?rest_route=\/wp\/v2\/posts\/123273\/revisions"}],"wp:attachment":[{"href":"https:\/\/theworldwidejournal.com\/index.php?rest_route=%2Fwp%2Fv2%2Fmedia&parent=123273"}],"wp:term":[{"taxonomy":"category","embeddable":true,"href":"https:\/\/theworldwidejournal.com\/index.php?rest_route=%2Fwp%2Fv2%2Fcategories&post=123273"},{"taxonomy":"post_tag","embeddable":true,"href":"https:\/\/theworldwidejournal.com\/index.php?rest_route=%2Fwp%2Fv2%2Ftags&post=123273"}],"curies":[{"name":"wp","href":"https:\/\/api.w.org\/{rel}","templated":true}]}}