{"id":123317,"date":"2019-12-14T13:25:57","date_gmt":"2019-12-14T12:25:57","guid":{"rendered":"https:\/\/theworldwidejournal.com\/2019\/12\/14\/un-coche-en-sentido-contrario-provoca-una-colision-con-dos-muertos-y-dos-heridos-leves-en-la-a-7\/"},"modified":"2019-12-14T13:25:57","modified_gmt":"2019-12-14T12:25:57","slug":"un-coche-en-sentido-contrario-provoca-una-colision-con-dos-muertos-y-dos-heridos-leves-en-la-a-7","status":"publish","type":"post","link":"https:\/\/theworldwidejournal.com\/?p=123317","title":{"rendered":"Un coche en sentido contrario provoca una colisi\u00f3n con dos muertos y dos heridos leves en la A-7"},"content":{"rendered":"<p>Un turismo que circulaba en sentido contrario\u00a0por la A-7 a la altura de la localidad alicantina de Tibi ha provocado\u00a0una colisi\u00f3n frontal en la que se han fallecido dos personas y otras\u00a0dos han resultado heridas, seg\u00fan ha informado la Guardia Civil de Tr\u00e1fico. El accidente se ha producido alrededor de las 7 horas, en la zona\u00a0del Maigm\u00f3, por causas que todav\u00eda se investigan, y los fallecidos son\u00a0dos varones de 35 y 40 a\u00f1os, los ocupantes de los dos veh\u00edculos que han\u00a0colisionado frontalmente. Adem\u00e1s, en este suceso se ha visto implicado un tercer veh\u00edculo,\u00a0ha informado el Centro de Informaci\u00f3n y Coordinaci\u00f3n de Urgencias de\u00a0la Generalitat.\u00a0Los heridos son un hombre de 66 a\u00f1os y una mujer de 56, ambos leves,\u00a0que han sido trasladados al Hospital General de Alicante. La secci\u00f3n de Tr\u00e1fico de la Comandancia de la Guardia Civil de Alicante\u00a0todav\u00eda desconoce el punto por el que el veh\u00edculo que circulaba en sentido\u00a0contrario pudo acceder a esta autov\u00eda, as\u00ed como los kil\u00f3metros que pudo\u00a0circular a contramarcha.Seguir leyendo.<br \/>\nVia: <a href=\"https:\/\/elpais.com\/politica\/2019\/12\/14\/actualidad\/1576314029_115960.html#?ref=rss&#038;format=simple&#038;link=link\" target=\"_blank\">Un coche en sentido contrario provoca una colisi\u00f3n con dos muertos y dos heridos leves en la A-7<\/a><\/p>\n","protected":false},"excerpt":{"rendered":"<p>Un turismo que circulaba en sentido contrario\u00a0por la A-7 a la altura de la localidad alicantina de Tibi ha provocado\u00a0una colisi\u00f3n frontal en la que se han fallecido dos personas y otras\u00a0dos han resultado heridas, seg\u00fan ha informado la Guardia Civil de Tr\u00e1fico. El accidente se ha producido alrededor de [&hellip;]<\/p>\n","protected":false},"author":2,"featured_media":0,"comment_status":"open","ping_status":"closed","sticky":false,"template":"","format":"standard","meta":{"footnotes":""},"categories":[6],"tags":[],"class_list":["post-123317","post","type-post","status-publish","format-standard","hentry","category-spanish"],"_links":{"self":[{"href":"https:\/\/theworldwidejournal.com\/index.php?rest_route=\/wp\/v2\/posts\/123317","targetHints":{"allow":["GET"]}}],"collection":[{"href":"https:\/\/theworldwidejournal.com\/index.php?rest_route=\/wp\/v2\/posts"}],"about":[{"href":"https:\/\/theworldwidejournal.com\/index.php?rest_route=\/wp\/v2\/types\/post"}],"author":[{"embeddable":true,"href":"https:\/\/theworldwidejournal.com\/index.php?rest_route=\/wp\/v2\/users\/2"}],"replies":[{"embeddable":true,"href":"https:\/\/theworldwidejournal.com\/index.php?rest_route=%2Fwp%2Fv2%2Fcomments&post=123317"}],"version-history":[{"count":0,"href":"https:\/\/theworldwidejournal.com\/index.php?rest_route=\/wp\/v2\/posts\/123317\/revisions"}],"wp:attachment":[{"href":"https:\/\/theworldwidejournal.com\/index.php?rest_route=%2Fwp%2Fv2%2Fmedia&parent=123317"}],"wp:term":[{"taxonomy":"category","embeddable":true,"href":"https:\/\/theworldwidejournal.com\/index.php?rest_route=%2Fwp%2Fv2%2Fcategories&post=123317"},{"taxonomy":"post_tag","embeddable":true,"href":"https:\/\/theworldwidejournal.com\/index.php?rest_route=%2Fwp%2Fv2%2Ftags&post=123317"}],"curies":[{"name":"wp","href":"https:\/\/api.w.org\/{rel}","templated":true}]}}