{"id":123318,"date":"2019-12-14T12:51:55","date_gmt":"2019-12-14T11:51:55","guid":{"rendered":"https:\/\/theworldwidejournal.com\/2019\/12\/14\/sanchez-preve-subir-el-salario-minimo-por-encima-de-1-000-euros-al-final-de-la-legislatura\/"},"modified":"2019-12-14T12:51:55","modified_gmt":"2019-12-14T11:51:55","slug":"sanchez-preve-subir-el-salario-minimo-por-encima-de-1-000-euros-al-final-de-la-legislatura","status":"publish","type":"post","link":"https:\/\/theworldwidejournal.com\/?p=123318","title":{"rendered":"S\u00e1nchez prev\u00e9 subir el salario m\u00ednimo por encima de 1.000 euros al final de la legislatura"},"content":{"rendered":"<p>En el pacto que negocian PSOE y Unidas Podemos para conformar el nuevo Gobierno tambi\u00e9n se incluye la evoluci\u00f3n del salario m\u00ednimo, ahora fijado en 900 euros al mes para los trabajadores que tienen 14 pagas anuales. Ambos partidos coinciden en acercarse al est\u00e1ndar que marca la carta social europea, el 60% del salario medio. Los agentes sociales exigen voz y voto. Pedro S\u00e1nchez lo asume: \u201cVamos a esperar a lo que nos digan los agentes sociales a este respecto\u201d, aunque esto no implica dar a nadie capacidad de veto, aclara una fuente socialista. El 60% del salario medio var\u00eda entre 1.000 y 1.200 euros, seg\u00fan qui\u00e9n lo calcule y la estad\u00edstica que se tome. Ah\u00ed se centrar\u00e1 el tira y afloja de la negociaci\u00f3n.Seguir leyendo.<br \/>\nVia: <a href=\"https:\/\/elpais.com\/economia\/2019\/12\/13\/actualidad\/1576240469_797732.html#?ref=rss&#038;format=simple&#038;link=link\" target=\"_blank\">S\u00e1nchez prev\u00e9 subir el salario m\u00ednimo por encima de 1.000 euros al final de la legislatura<\/a><\/p>\n","protected":false},"excerpt":{"rendered":"<p>En el pacto que negocian PSOE y Unidas Podemos para conformar el nuevo Gobierno tambi\u00e9n se incluye la evoluci\u00f3n del salario m\u00ednimo, ahora fijado en 900 euros al mes para los trabajadores que tienen 14 pagas anuales. Ambos partidos coinciden en acercarse al est\u00e1ndar que marca la carta social europea, [&hellip;]<\/p>\n","protected":false},"author":2,"featured_media":0,"comment_status":"open","ping_status":"closed","sticky":false,"template":"","format":"standard","meta":{"footnotes":""},"categories":[6],"tags":[],"class_list":["post-123318","post","type-post","status-publish","format-standard","hentry","category-spanish"],"_links":{"self":[{"href":"https:\/\/theworldwidejournal.com\/index.php?rest_route=\/wp\/v2\/posts\/123318","targetHints":{"allow":["GET"]}}],"collection":[{"href":"https:\/\/theworldwidejournal.com\/index.php?rest_route=\/wp\/v2\/posts"}],"about":[{"href":"https:\/\/theworldwidejournal.com\/index.php?rest_route=\/wp\/v2\/types\/post"}],"author":[{"embeddable":true,"href":"https:\/\/theworldwidejournal.com\/index.php?rest_route=\/wp\/v2\/users\/2"}],"replies":[{"embeddable":true,"href":"https:\/\/theworldwidejournal.com\/index.php?rest_route=%2Fwp%2Fv2%2Fcomments&post=123318"}],"version-history":[{"count":0,"href":"https:\/\/theworldwidejournal.com\/index.php?rest_route=\/wp\/v2\/posts\/123318\/revisions"}],"wp:attachment":[{"href":"https:\/\/theworldwidejournal.com\/index.php?rest_route=%2Fwp%2Fv2%2Fmedia&parent=123318"}],"wp:term":[{"taxonomy":"category","embeddable":true,"href":"https:\/\/theworldwidejournal.com\/index.php?rest_route=%2Fwp%2Fv2%2Fcategories&post=123318"},{"taxonomy":"post_tag","embeddable":true,"href":"https:\/\/theworldwidejournal.com\/index.php?rest_route=%2Fwp%2Fv2%2Ftags&post=123318"}],"curies":[{"name":"wp","href":"https:\/\/api.w.org\/{rel}","templated":true}]}}