{"id":123327,"date":"2019-12-14T08:53:54","date_gmt":"2019-12-14T07:53:54","guid":{"rendered":"https:\/\/theworldwidejournal.com\/2019\/12\/14\/dos-muertos-en-un-accidente-de-trafico-provocado-por-un-conductor-que-iba-en-sentido-contrario-por-la-a7\/"},"modified":"2019-12-14T08:53:54","modified_gmt":"2019-12-14T07:53:54","slug":"dos-muertos-en-un-accidente-de-trafico-provocado-por-un-conductor-que-iba-en-sentido-contrario-por-la-a7","status":"publish","type":"post","link":"https:\/\/theworldwidejournal.com\/?p=123327","title":{"rendered":"Dos muertos en un accidente de tr\u00e1fico provocado por un conductor que iba en sentido contrario por la A7"},"content":{"rendered":"<p>Un accidente de tr\u00e1fico registrado a las siete de la ma\u00f1ana de este s\u00e1bado en la A7 se ha saldado con dos personas muertas y dos heridas leves en la provincia de Alicante. El siniestro se ha producido en la conocida como bajada del Maigm\u00f3, entre los municipios de Tibi y Castalla. De acuerdo con fuentes conocedoras del siniestro consultadas por ABC, en el accidente se han visto implicados tres veh\u00edculos. Uno de ellos circulaba en sentido contrario y ha provocado una colisi\u00f3n frontal, seg\u00fan ha informado la Guardia Civil de Tr\u00e1fico. Ambos conductores, dos varones de 35 y 40 a\u00f1os, han fallecido. Mientras, los ocupantes de un tercer coche que han chocado contra uno de los que se hab\u00eda accidentado han resultado heridos leves. seg\u00fan el Centro de Informaci\u00f3n y Coordinaci\u00f3n de Urgencias de la Generalitat. Los heridos son un hombre de 66 a\u00f1os y una mujer de 56, ambos leves, que han sido trasladados al Hospital General de Alicante. La secci\u00f3n de Tr\u00e1fico de la Comandancia de la Guardia Civil de Alicante todav\u00eda desconoce el punto por el que el veh\u00edculo que circulaba en sentido contrario pudo acceder a esta autov\u00eda, as\u00ed como los kil\u00f3metros que pudo circular a contramarcha. De acuerdo con las primeras pesquisas, el conductor que ha provocado el siniestro circulaba a una velocidad de 150 kil\u00f3metros por hora. A causa del accidente se encuentran cerrados los dos carriles de esta v\u00eda, ha informado el Centro de Gesti\u00f3n de Tr\u00e1fico.<br \/>\nVia: <a href=\"https:\/\/www.abc.es\/espana\/comunidad-valenciana\/abci-cinco-muertos-accidente-trafico-provincia-alicante-201912140853_noticia.html\" target=\"_blank\">Dos muertos en un accidente de tr\u00e1fico provocado por un conductor que iba en sentido contrario por la A7<\/a><\/p>\n","protected":false},"excerpt":{"rendered":"<p>Un accidente de tr\u00e1fico registrado a las siete de la ma\u00f1ana de este s\u00e1bado en la A7 se ha saldado con dos personas muertas y dos heridas leves en la provincia de Alicante. El siniestro se ha producido en la conocida como bajada del Maigm\u00f3, entre los municipios de Tibi [&hellip;]<\/p>\n","protected":false},"author":2,"featured_media":123328,"comment_status":"open","ping_status":"closed","sticky":false,"template":"","format":"standard","meta":{"footnotes":""},"categories":[6],"tags":[],"class_list":["post-123327","post","type-post","status-publish","format-standard","has-post-thumbnail","hentry","category-spanish"],"_links":{"self":[{"href":"https:\/\/theworldwidejournal.com\/index.php?rest_route=\/wp\/v2\/posts\/123327","targetHints":{"allow":["GET"]}}],"collection":[{"href":"https:\/\/theworldwidejournal.com\/index.php?rest_route=\/wp\/v2\/posts"}],"about":[{"href":"https:\/\/theworldwidejournal.com\/index.php?rest_route=\/wp\/v2\/types\/post"}],"author":[{"embeddable":true,"href":"https:\/\/theworldwidejournal.com\/index.php?rest_route=\/wp\/v2\/users\/2"}],"replies":[{"embeddable":true,"href":"https:\/\/theworldwidejournal.com\/index.php?rest_route=%2Fwp%2Fv2%2Fcomments&post=123327"}],"version-history":[{"count":0,"href":"https:\/\/theworldwidejournal.com\/index.php?rest_route=\/wp\/v2\/posts\/123327\/revisions"}],"wp:featuredmedia":[{"embeddable":true,"href":"https:\/\/theworldwidejournal.com\/index.php?rest_route=\/wp\/v2\/media\/123328"}],"wp:attachment":[{"href":"https:\/\/theworldwidejournal.com\/index.php?rest_route=%2Fwp%2Fv2%2Fmedia&parent=123327"}],"wp:term":[{"taxonomy":"category","embeddable":true,"href":"https:\/\/theworldwidejournal.com\/index.php?rest_route=%2Fwp%2Fv2%2Fcategories&post=123327"},{"taxonomy":"post_tag","embeddable":true,"href":"https:\/\/theworldwidejournal.com\/index.php?rest_route=%2Fwp%2Fv2%2Ftags&post=123327"}],"curies":[{"name":"wp","href":"https:\/\/api.w.org\/{rel}","templated":true}]}}